{"id":162493,"date":"2020-04-06T13:09:53","date_gmt":"2020-04-06T16:09:53","guid":{"rendered":"http:\/\/www.caririemacao.com\/1\/?p=162493"},"modified":"2020-04-06T13:09:55","modified_gmt":"2020-04-06T16:09:55","slug":"a-hora-de-quem-esta-se-achando-vai-chegar-diz-bolsonaro","status":"publish","type":"post","link":"https:\/\/www.caririemacao.com\/1\/2020\/04\/06\/a-hora-de-quem-esta-se-achando-vai-chegar-diz-bolsonaro\/","title":{"rendered":"A hora de quem est\u00e1 se achando vai chegar, diz Bolsonaro"},"content":{"rendered":"\n<p>Em conversa com apoiadores na frente do Pal\u00e1cio do Planalto na tarde deste domingo, 5, o presidente Jair Bolsonaro disse que \u201calgo subiu na cabe\u00e7a\u201d de algumas pessoas do governo e que \u201ca hora deles n\u00e3o chegou ainda n\u00e3o, mas vai chegar\u201d. \u201cEram pessoas normais, mas de repente viraram estrelas. Falam pelos cotovelos\u201d, completou.<\/p>\n\n\n\n<p>Sem citar nomes, Bolsonaro afirmou que \u201cn\u00e3o tem medo de usar a caneta\u201d e que pretende us\u00e1-la para o \u201cbem do Brasil\u201d.<\/p>\n\n\n\n<p>O presidente da Rep\u00fablica vive uma crise com o Ministro da Sa\u00fade, Luiz Henrique Mandetta, sobre como o governo deve combater a pandemia do coronav\u00edrus. Durante a semana, Bolsonaro chegou a dizer, em entrevista a uma emissora de r\u00e1dio, que faltava humildade a Mandetta.<\/p>\n\n\n\n<p>A coluna Radar revelou um tenso di\u00e1logo entre os dois por telefone na \u00faltima quinta-feira, 2. Durante a liga\u00e7\u00e3o, o presidente teria dito ao ministro da Sa\u00fade que ele deveria pedir demiss\u00e3o e deixar o governo. Mandetta rebateu de pronto: \u201cO senhor que me demita, presidente\u201d. E recomendou ao presidente que ele se responsabilizasse sozinho pelas mortes causadas pelo coronav\u00edrus, que j\u00e1 infectou 11.130 brasileiros e matou 486 pessoas.<\/p>\n","protected":false},"excerpt":{"rendered":"<p>Em conversa com apoiadores na frente do Pal\u00e1cio do Planalto na tarde deste domingo, 5, o presidente Jair Bolsonaro disse que \u201calgo subiu na cabe\u00e7a\u201d&hellip; <\/p>\n","protected":false},"author":2,"featured_media":162494,"comment_status":"closed","ping_status":"closed","sticky":false,"template":"","format":"standard","meta":{"sfsi_plus_gutenberg_text_before_share":"","sfsi_plus_gutenberg_show_text_before_share":"","sfsi_plus_gutenberg_icon_type":"","sfsi_plus_gutenberg_icon_alignemt":"","sfsi_plus_gutenburg_max_per_row":"","footnotes":""},"categories":[11],"tags":[],"class_list":["post-162493","post","type-post","status-publish","format-standard","has-post-thumbnail","hentry","category-politica"],"_links":{"self":[{"href":"https:\/\/www.caririemacao.com\/1\/wp-json\/wp\/v2\/posts\/162493","targetHints":{"allow":["GET"]}}],"collection":[{"href":"https:\/\/www.caririemacao.com\/1\/wp-json\/wp\/v2\/posts"}],"about":[{"href":"https:\/\/www.caririemacao.com\/1\/wp-json\/wp\/v2\/types\/post"}],"author":[{"embeddable":true,"href":"https:\/\/www.caririemacao.com\/1\/wp-json\/wp\/v2\/users\/2"}],"replies":[{"embeddable":true,"href":"https:\/\/www.caririemacao.com\/1\/wp-json\/wp\/v2\/comments?post=162493"}],"version-history":[{"count":1,"href":"https:\/\/www.caririemacao.com\/1\/wp-json\/wp\/v2\/posts\/162493\/revisions"}],"predecessor-version":[{"id":162495,"href":"https:\/\/www.caririemacao.com\/1\/wp-json\/wp\/v2\/posts\/162493\/revisions\/162495"}],"wp:featuredmedia":[{"embeddable":true,"href":"https:\/\/www.caririemacao.com\/1\/wp-json\/wp\/v2\/media\/162494"}],"wp:attachment":[{"href":"https:\/\/www.caririemacao.com\/1\/wp-json\/wp\/v2\/media?parent=162493"}],"wp:term":[{"taxonomy":"category","embeddable":true,"href":"https:\/\/www.caririemacao.com\/1\/wp-json\/wp\/v2\/categories?post=162493"},{"taxonomy":"post_tag","embeddable":true,"href":"https:\/\/www.caririemacao.com\/1\/wp-json\/wp\/v2\/tags?post=162493"}],"curies":[{"name":"wp","href":"https:\/\/api.w.org\/{rel}","templated":true}]}}