{"id":162498,"date":"2020-04-06T13:12:45","date_gmt":"2020-04-06T16:12:45","guid":{"rendered":"http:\/\/www.caririemacao.com\/1\/?p=162498"},"modified":"2020-04-06T13:12:49","modified_gmt":"2020-04-06T16:12:49","slug":"atendendo-recomendacao-do-mppb-prefeito-de-caraubas-emite-novo-decreto-e-endurece-normas-de-prevencao-contra-o-coronavirus","status":"publish","type":"post","link":"https:\/\/www.caririemacao.com\/1\/2020\/04\/06\/atendendo-recomendacao-do-mppb-prefeito-de-caraubas-emite-novo-decreto-e-endurece-normas-de-prevencao-contra-o-coronavirus\/","title":{"rendered":"Atendendo recomenda\u00e7\u00e3o do MPPB, prefeito de Cara\u00fabas emite novo decreto e endurece normas de preven\u00e7\u00e3o contra o coronav\u00edrus"},"content":{"rendered":"\n<p>O prefeito Silvano Dudu do munic\u00edpio de Cara\u00fabas atendendo aos v\u00e1rios apelos das autoridades da sa\u00fade do munic\u00edpio, do Minist\u00e9rio P\u00fablico Estadual e de setores da sociedade, resolveu editar novo decreto de preven\u00e7\u00e3o ao COVID-19 respons\u00e1vel pela pandemia do coronav\u00edrus. Em reuni\u00e3o com setores da sa\u00fade, educa\u00e7\u00e3o, assist\u00eancia social, administra\u00e7\u00e3o e assessoria jur\u00eddica, ficaram determinadas novas medidas emergenciais para o munic\u00edpio.<\/p>\n\n\n\n<p>Dentre elas destaque para o setor p\u00fablico, privado e o com\u00e9rcio de maneira geral. Durante os pr\u00f3ximos 40(quarenta) dias est\u00e3o terminantemente proibidos eventos p\u00fablicos de qualquer natureza, em estabelecimentos p\u00fablicos ou privados, que gerem aglomera\u00e7\u00e3o de pessoas.<\/p>\n\n\n\n<p>Os atendimentos presenciais nas reparti\u00e7\u00f5es p\u00fablicas est\u00e3o suspensos temporariamente, devendo ser realizadas solicita\u00e7\u00f5es de informa\u00e7\u00f5es, requerimentos administrativos e demais protocolos atrav\u00e9s do e-mail administracao@caraubas.pb.gov.br, exceto as unidades da sa\u00fade que atender\u00e3o em regime diferenciado pelas prioridades.<\/p>\n\n\n\n<p>Em casos excepcionais, o atendimento ao p\u00fablico na sede da Prefeitura de Cara\u00fabas poder\u00e1 ocorrer mediante o agendamento pr\u00e9vio, desde que aprovado pelo Comit\u00ea de Monitoramento criado por este Decreto.<br>J\u00e1 no setor privado, com\u00e9rcio e servi\u00e7os em geral, que tenham potencial para aglomera\u00e7\u00e3o de clientes, com exce\u00e7\u00e3o dos que aceitarem se adequar ao disposto no art. 7\u00ba do mencionado decreto.<\/p>\n\n\n\n<p>J\u00e1 o com\u00e9rcio de produtos em geral, com ou sem estabelecimentos fixos, somente poder\u00e3o funcionar via atendimento de porta ou por meio de entregas em domic\u00edlio, e os servi\u00e7os comerciais em geral, somente poder\u00e3o funcionar por meio de controle de fluxo de clientes.<\/p>\n\n\n\n<p>O descumprimento das cl\u00e1usulas estabelecidas acarretar\u00e1, de imediato, de forma cautelar, a suspens\u00e3o dos alvar\u00e1s de localiza\u00e7\u00e3o e funcionamento dos estabelecimentos comerciais, com a consequente interdi\u00e7\u00e3o tempor\u00e1ria, sendo garantida a ampla defesa e o contradit\u00f3rio nos autos do devido processo administrativo, sem preju\u00edzo da Representa\u00e7\u00e3o criminal em face dos representantes legais dos estabelecimentos comerciais que insistirem em exercer suas atividades econ\u00f4micas ap\u00f3s suspens\u00e3o do alvar\u00e1 de localiza\u00e7\u00e3o e funcionamento.<\/p>\n\n\n\n<p><em>Com Seplacom<\/em><\/p>\n","protected":false},"excerpt":{"rendered":"<p>O prefeito Silvano Dudu do munic\u00edpio de Cara\u00fabas atendendo aos v\u00e1rios apelos das autoridades da sa\u00fade do munic\u00edpio, do Minist\u00e9rio P\u00fablico Estadual e de setores&hellip; <\/p>\n","protected":false},"author":2,"featured_media":162499,"comment_status":"closed","ping_status":"closed","sticky":false,"template":"","format":"standard","meta":{"sfsi_plus_gutenberg_text_before_share":"","sfsi_plus_gutenberg_show_text_before_share":"","sfsi_plus_gutenberg_icon_type":"","sfsi_plus_gutenberg_icon_alignemt":"","sfsi_plus_gutenburg_max_per_row":"","footnotes":""},"categories":[6],"tags":[],"class_list":["post-162498","post","type-post","status-publish","format-standard","has-post-thumbnail","hentry","category-cidades"],"_links":{"self":[{"href":"https:\/\/www.caririemacao.com\/1\/wp-json\/wp\/v2\/posts\/162498","targetHints":{"allow":["GET"]}}],"collection":[{"href":"https:\/\/www.caririemacao.com\/1\/wp-json\/wp\/v2\/posts"}],"about":[{"href":"https:\/\/www.caririemacao.com\/1\/wp-json\/wp\/v2\/types\/post"}],"author":[{"embeddable":true,"href":"https:\/\/www.caririemacao.com\/1\/wp-json\/wp\/v2\/users\/2"}],"replies":[{"embeddable":true,"href":"https:\/\/www.caririemacao.com\/1\/wp-json\/wp\/v2\/comments?post=162498"}],"version-history":[{"count":1,"href":"https:\/\/www.caririemacao.com\/1\/wp-json\/wp\/v2\/posts\/162498\/revisions"}],"predecessor-version":[{"id":162500,"href":"https:\/\/www.caririemacao.com\/1\/wp-json\/wp\/v2\/posts\/162498\/revisions\/162500"}],"wp:featuredmedia":[{"embeddable":true,"href":"https:\/\/www.caririemacao.com\/1\/wp-json\/wp\/v2\/media\/162499"}],"wp:attachment":[{"href":"https:\/\/www.caririemacao.com\/1\/wp-json\/wp\/v2\/media?parent=162498"}],"wp:term":[{"taxonomy":"category","embeddable":true,"href":"https:\/\/www.caririemacao.com\/1\/wp-json\/wp\/v2\/categories?post=162498"},{"taxonomy":"post_tag","embeddable":true,"href":"https:\/\/www.caririemacao.com\/1\/wp-json\/wp\/v2\/tags?post=162498"}],"curies":[{"name":"wp","href":"https:\/\/api.w.org\/{rel}","templated":true}]}}