{"id":162505,"date":"2020-04-06T14:25:28","date_gmt":"2020-04-06T17:25:28","guid":{"rendered":"http:\/\/www.caririemacao.com\/1\/?p=162505"},"modified":"2020-04-06T14:25:30","modified_gmt":"2020-04-06T17:25:30","slug":"prefeito-eden-duarte-prorroga-decreto-de-fechamento-do-comercio-por-mais-15-dias","status":"publish","type":"post","link":"https:\/\/www.caririemacao.com\/1\/2020\/04\/06\/prefeito-eden-duarte-prorroga-decreto-de-fechamento-do-comercio-por-mais-15-dias\/","title":{"rendered":"Prefeito \u00c9den Duarte prorroga decreto de fechamento do com\u00e9rcio por mais 15 dias"},"content":{"rendered":"\n<p>O prefeito de Sum\u00e9, \u00c9den Duarte, prorrogou nesta segunda-feira (06), por mais 15 dias, o decreto n\u00b0 1.313, de 23 de mar\u00e7o, que adota medidas pelo munic\u00edpio para manter o distanciamento social da popula\u00e7\u00e3o e tentar evitar a contamina\u00e7\u00e3o por coronav\u00edrus.&nbsp;O decreto est\u00e1 publicado na edi\u00e7\u00e3o de 06 de abril de 2020, do Boletim Oficial.<\/p>\n\n\n\n<p>Dessa forma, os comerciantes do munic\u00edpio, com algumas exce\u00e7\u00f5es, dever\u00e3o manter suas portas fechadas sem atendimento ao p\u00fablico.<\/p>\n\n\n\n<p>S\u00f3 est\u00e1 permitido funcionar os seguintes ramos de atividades:<\/p>\n\n\n\n<p>\u2013 farm\u00e1cias;<\/p>\n\n\n\n<p>\u2013 supermercados e mercadinhos;<\/p>\n\n\n\n<p>\u2013 quitandas;<\/p>\n\n\n\n<p>\u2013 padarias e similares;<\/p>\n\n\n\n<p>\u2013 postos de combust\u00edveis;<\/p>\n\n\n\n<p>\u2013 distribuidoras de \u00e1gua e g\u00e1s;<\/p>\n\n\n\n<p>\u2013 funer\u00e1rias;<\/p>\n\n\n\n<p>\u2013 estabelecimentos m\u00e9dicos, odontol\u00f3gicos e laboratoriais apenas para atender emerg\u00eancias;<\/p>\n\n\n\n<p>\u2013 r\u00e1dios e outros meios de comunica\u00e7\u00e3o;<\/p>\n\n\n\n<p>\u2013 estabelecimentos de vendas de ra\u00e7\u00e3o e produtos veterin\u00e1rios;<\/p>\n\n\n\n<p>\u2013 oficinas exclusivamente para servi\u00e7os de manuten\u00e7\u00e3o e conserto em ve\u00edculos e motocicletas;<\/p>\n\n\n\n<p>\u2013 empresas prestadoras de servi\u00e7os de m\u00e3o-de-obra terceirizada;<\/p>\n\n\n\n<p>\u2013 estabelecimentos banc\u00e1rios, devendo prestar atendimento presencial, exclusivamente para atividades que n\u00e3o possam ser realizadas nos caixas eletr\u00f4nicos e canais de atendimento remoto, bem como para prestar aux\u00edlio ao atendimento dos aposentados, pensionistas e benefici\u00e1rios do Bolsa Fam\u00edlia;<\/p>\n\n\n\n<p>\u2013 casas lot\u00e9ricas e similares, devendo organizar e priorizar o atendimento para os pagamentos dos benefici\u00e1rios do Bolsa Fam\u00edlia, pagamento de sal\u00e1rios, pens\u00f5es&nbsp; e outros benef\u00edcios concedidos pelos governos Federal, Estadual e Municipal. As lot\u00e9ricas dever\u00e3o adotar medidas de prote\u00e7\u00e3o aos seus funcion\u00e1rios, clientes e colaboradores, estabelecendo a dist\u00e2ncia de 1,5 metros entre cada pessoa e adotando, quando poss\u00edvel, sistemas de escala, altera\u00e7\u00e3o de jornadas e revezamento de turnos, para reduzir o fluxo e n\u00e3o permitir a aglomera\u00e7\u00e3o de pessoas.<\/p>\n\n\n\n<p>Os comerciantes que est\u00e3o autorizados a funcionar, caso n\u00e3o cumpram as regras dispostas no decreto, ser\u00e3o notificados e podem ter o alvar\u00e1 de funcionamento suspenso ou cassado.<\/p>\n\n\n\n<p>Todas as outras atividades que est\u00e3o proibidas de abrirem as portas, ficam autorizadas a funcionar atrav\u00e9s de entrega em domic\u00edlio (delivery), inclusive por aplicativos, vedado, em qualquer caso, o atendimento presencial de clientes em suas depend\u00eancias, com exce\u00e7\u00e3o de recebimento de pagamentos, ficando ainda obrigadas a manter suas portas fechadas e ao cumprimento pleno e irrestrito de todas as recomenda\u00e7\u00f5es de preven\u00e7\u00e3o e controle para o enfrentamento da COVID-19.<\/p>\n\n\n\n<p>O prefeito \u00c9den Duarte reitera o pedido \u00e0 popula\u00e7\u00e3o para permanecerem em casa, evitando aglomera\u00e7\u00f5es. Ele ressaltou que o munic\u00edpio tem adotado as medias necess\u00e1rias para enfrentamento da Covid-19, como por exemplo, suspens\u00e3o das feiras livres, fechamento de parte do com\u00e9rcio, fechamento das reparti\u00e7\u00f5es p\u00fablicas, monitoramento de visitantes que est\u00e3o chegando no munic\u00edpio e campanhas de conscientiza\u00e7\u00e3o e informa\u00e7\u00e3o.<\/p>\n\n\n\n<p>O prefeito tamb\u00e9m acrescentou que governo e popula\u00e7\u00e3o precisam redobrar os cuidados, considerando um caso j\u00e1 confirmado de coronav\u00edrus, no munic\u00edpio vizinho, Serra Branca.<\/p>\n\n\n\n<p>Ascom PMS<\/p>\n","protected":false},"excerpt":{"rendered":"<p>O prefeito de Sum\u00e9, \u00c9den Duarte, prorrogou nesta segunda-feira (06), por mais 15 dias, o decreto n\u00b0 1.313, de 23 de mar\u00e7o, que adota medidas&hellip; <\/p>\n","protected":false},"author":2,"featured_media":135301,"comment_status":"closed","ping_status":"closed","sticky":false,"template":"","format":"standard","meta":{"sfsi_plus_gutenberg_text_before_share":"","sfsi_plus_gutenberg_show_text_before_share":"","sfsi_plus_gutenberg_icon_type":"","sfsi_plus_gutenberg_icon_alignemt":"","sfsi_plus_gutenburg_max_per_row":"","footnotes":""},"categories":[6],"tags":[],"class_list":["post-162505","post","type-post","status-publish","format-standard","has-post-thumbnail","hentry","category-cidades"],"_links":{"self":[{"href":"https:\/\/www.caririemacao.com\/1\/wp-json\/wp\/v2\/posts\/162505","targetHints":{"allow":["GET"]}}],"collection":[{"href":"https:\/\/www.caririemacao.com\/1\/wp-json\/wp\/v2\/posts"}],"about":[{"href":"https:\/\/www.caririemacao.com\/1\/wp-json\/wp\/v2\/types\/post"}],"author":[{"embeddable":true,"href":"https:\/\/www.caririemacao.com\/1\/wp-json\/wp\/v2\/users\/2"}],"replies":[{"embeddable":true,"href":"https:\/\/www.caririemacao.com\/1\/wp-json\/wp\/v2\/comments?post=162505"}],"version-history":[{"count":1,"href":"https:\/\/www.caririemacao.com\/1\/wp-json\/wp\/v2\/posts\/162505\/revisions"}],"predecessor-version":[{"id":162506,"href":"https:\/\/www.caririemacao.com\/1\/wp-json\/wp\/v2\/posts\/162505\/revisions\/162506"}],"wp:featuredmedia":[{"embeddable":true,"href":"https:\/\/www.caririemacao.com\/1\/wp-json\/wp\/v2\/media\/135301"}],"wp:attachment":[{"href":"https:\/\/www.caririemacao.com\/1\/wp-json\/wp\/v2\/media?parent=162505"}],"wp:term":[{"taxonomy":"category","embeddable":true,"href":"https:\/\/www.caririemacao.com\/1\/wp-json\/wp\/v2\/categories?post=162505"},{"taxonomy":"post_tag","embeddable":true,"href":"https:\/\/www.caririemacao.com\/1\/wp-json\/wp\/v2\/tags?post=162505"}],"curies":[{"name":"wp","href":"https:\/\/api.w.org\/{rel}","templated":true}]}}