{"id":162518,"date":"2020-04-06T17:10:42","date_gmt":"2020-04-06T20:10:42","guid":{"rendered":"http:\/\/www.caririemacao.com\/1\/?p=162518"},"modified":"2020-04-06T17:10:45","modified_gmt":"2020-04-06T20:10:45","slug":"informais-inscritos-no-cadastro-unico-comecam-a-receber-auxilio-emergencial-nesta-terca-feira","status":"publish","type":"post","link":"https:\/\/www.caririemacao.com\/1\/2020\/04\/06\/informais-inscritos-no-cadastro-unico-comecam-a-receber-auxilio-emergencial-nesta-terca-feira\/","title":{"rendered":"Informais inscritos no Cadastro \u00danico come\u00e7am a receber aux\u00edlio emergencial nesta ter\u00e7a-feira"},"content":{"rendered":"\n<p>Os&nbsp;<strong>trabalhadores informais<\/strong>&nbsp;que t\u00eam conta na<strong>&nbsp;Caixa<\/strong>&nbsp;Econ\u00f4mica Federal e no&nbsp;<strong>Banco do Brasil&nbsp;<\/strong>v\u00e3o come\u00e7ar a receber o&nbsp;<a href=\"https:\/\/oglobo.globo.com\/economia\/senado-aprova-auxilio-de-600-saiba-quem-pode-se-candidatar-ao-beneficio-24340217\" target=\"_blank\" rel=\"noreferrer noopener\">aux\u00edlio emergencial de R$ 600,<\/a>&nbsp;a partir desta ter\u00e7a-feira, informou o ministro da Cidadania,&nbsp;<strong>Onyx Lorenzoni,<\/strong>&nbsp;em entrevista \u00e0 r\u00e1dio Ga\u00facha.<\/p>\n\n\n\n<p>Ele explicou que o pagamento come\u00e7ar\u00e1 com os trabalhadores inscritos no\u00a0<strong>Cadastro \u00danico<\/strong>\u00a0(Cad\u00danico), do Minist\u00e9rio da Cidadania.\u00a0\u00a0Para isso, a Dataprev, estatal respons\u00e1vel pelo processamento de dados do INSS, est\u00e1 extraindo do cadastro quem s\u00e3o os trabalhadores que podem receber o aux\u00edlio. Esse mapeamento ser\u00e1 repassado \u00e0 Caixa para iniciar os pagamentos.<\/p>\n\n\n\n<p>\u2014 Quem tem conta na Caixa deve come\u00e7ar a receber a partir de amanh\u00e3 (ter\u00e7a-feira), quem tem conta no Banco do Brasil a mesma coisa, o cr\u00e9dito cai direto na conta e a\u00ed, entre ter\u00e7a-feira e quarta, a gente j\u00e1 distribui para o resto da rede banc\u00e1ria \u2013 disse o ministro, acrescentando que&nbsp;essa primeira rodada deve contemplar um universo que oscila entre 10 milh\u00f5es e 18 milh\u00f5es de trabalhadores.<\/p>\n\n\n\n<p>De acordo com o ministro, o governo tamb\u00e9m pretende acelerar os&nbsp;<a href=\"https:\/\/oglobo.globo.com\/economia\/mulheres-idosos-de-uma-mesma-familia-terao-prioridade-para-receber-pagamento-de-auxilio-de-600-1-24349845\" target=\"_blank\" rel=\"noreferrer noopener\">pagamentos para os informais&nbsp;<\/a>que est\u00e3o fora do Cadastro. Neste caso, a Caixa precisa disponibilizar um aplicativo de celular e uma p\u00e1gina na internet para que os trabalhadores possam se cadastrar e respondeu um question\u00e1rio r\u00e1pido, como n\u00famero do CPF, idade e j\u00e1 recebe algum tipo de benef\u00edcio do governo.<\/p>\n\n\n\n<p>A expectativa, segundo o ministro, \u00e9 rodar os dados dentro de 24 horas e tamb\u00e9m come\u00e7ar os pagamentos na quarta-feira. Na semana passada, Onyx havia dito que seriam necess\u00e1rios em torno de 48 horas para o pagamento.<\/p>\n\n\n\n<p>&nbsp;Ele destacou que o aplicativo est\u00e1 em fase final de valida\u00e7\u00e3o e deve come\u00e7ar a funcionar nessa ter\u00e7a-feira pela manh\u00e3.&nbsp; Os benefici\u00e1rios do Bolsa Fam\u00edlia, que j\u00e1 t\u00eam renda, come\u00e7am a receber a partir do dia 16 de abril, de acordo com o calend\u00e1rio regular de pagamento.<\/p>\n\n\n\n<p>G1<\/p>\n","protected":false},"excerpt":{"rendered":"<p>Os&nbsp;trabalhadores informais&nbsp;que t\u00eam conta na&nbsp;Caixa&nbsp;Econ\u00f4mica Federal e no&nbsp;Banco do Brasil&nbsp;v\u00e3o come\u00e7ar a receber o&nbsp;aux\u00edlio emergencial de R$ 600,&nbsp;a partir desta ter\u00e7a-feira, informou o ministro da&hellip; <\/p>\n","protected":false},"author":2,"featured_media":157739,"comment_status":"closed","ping_status":"closed","sticky":false,"template":"","format":"standard","meta":{"sfsi_plus_gutenberg_text_before_share":"","sfsi_plus_gutenberg_show_text_before_share":"","sfsi_plus_gutenberg_icon_type":"","sfsi_plus_gutenberg_icon_alignemt":"","sfsi_plus_gutenburg_max_per_row":"","footnotes":""},"categories":[2],"tags":[],"class_list":["post-162518","post","type-post","status-publish","format-standard","has-post-thumbnail","hentry","category-geral"],"_links":{"self":[{"href":"https:\/\/www.caririemacao.com\/1\/wp-json\/wp\/v2\/posts\/162518","targetHints":{"allow":["GET"]}}],"collection":[{"href":"https:\/\/www.caririemacao.com\/1\/wp-json\/wp\/v2\/posts"}],"about":[{"href":"https:\/\/www.caririemacao.com\/1\/wp-json\/wp\/v2\/types\/post"}],"author":[{"embeddable":true,"href":"https:\/\/www.caririemacao.com\/1\/wp-json\/wp\/v2\/users\/2"}],"replies":[{"embeddable":true,"href":"https:\/\/www.caririemacao.com\/1\/wp-json\/wp\/v2\/comments?post=162518"}],"version-history":[{"count":1,"href":"https:\/\/www.caririemacao.com\/1\/wp-json\/wp\/v2\/posts\/162518\/revisions"}],"predecessor-version":[{"id":162519,"href":"https:\/\/www.caririemacao.com\/1\/wp-json\/wp\/v2\/posts\/162518\/revisions\/162519"}],"wp:featuredmedia":[{"embeddable":true,"href":"https:\/\/www.caririemacao.com\/1\/wp-json\/wp\/v2\/media\/157739"}],"wp:attachment":[{"href":"https:\/\/www.caririemacao.com\/1\/wp-json\/wp\/v2\/media?parent=162518"}],"wp:term":[{"taxonomy":"category","embeddable":true,"href":"https:\/\/www.caririemacao.com\/1\/wp-json\/wp\/v2\/categories?post=162518"},{"taxonomy":"post_tag","embeddable":true,"href":"https:\/\/www.caririemacao.com\/1\/wp-json\/wp\/v2\/tags?post=162518"}],"curies":[{"name":"wp","href":"https:\/\/api.w.org\/{rel}","templated":true}]}}