{"id":162524,"date":"2020-04-06T20:22:30","date_gmt":"2020-04-06T23:22:30","guid":{"rendered":"http:\/\/www.caririemacao.com\/1\/?p=162524"},"modified":"2020-04-06T20:23:48","modified_gmt":"2020-04-06T23:23:48","slug":"carteiras-de-estudante-comecam-a-ser-emitidas-em-sume","status":"publish","type":"post","link":"https:\/\/www.caririemacao.com\/1\/2020\/04\/06\/carteiras-de-estudante-comecam-a-ser-emitidas-em-sume\/","title":{"rendered":"Carteiras de estudante come\u00e7am a ser emitidas em Sum\u00e9"},"content":{"rendered":"\n<p>Devido a pandemia da corona v\u00edrus, as habilita\u00e7\u00f5es das entidades estudantis para confec\u00e7\u00e3o das \u201cCarteirinhas de Estudante 2020\u201d tiveram atrasos, sendo as habilita\u00e7\u00f5es divulgadas no di\u00e1rio oficial do estado no dia 02 de abril.<\/p>\n\n\n\n<p>Para auxiliar ao m\u00e1ximo os estudantes Suemeensses e visando evitar poss\u00edveis aglomera\u00e7\u00f5es, o Estudante poder\u00e1 solicitar sua Carteira de Identifica\u00e7\u00e3o Estudantil (CIE) atrav\u00e9s do WhatsApp e receber sua CIE em domicilio.<\/p>\n\n\n\n<p>Para solicitar a sua, basta entrar em contato via WhatsApp pelo n\u00famero: (83) 9 9664-0156 das 07h \u00e1s 21h de Domingo a Domingo.<\/p>\n\n\n\n<p>Est\u00e3o habilitadas para confec\u00e7\u00e3o das carteiras de Estudante 2020 na Para\u00edba as seguintes entidades, conforme Edital e Aviso do PROCON-PB.<\/p>\n\n\n\n<p><strong>Estudantes Universit\u00e1rios<\/strong>:<\/p>\n\n\n\n<p>CUC \u2013 CONSELHO UNIVERSIT\u00c1RIO DE CARTEIRAS<\/p>\n\n\n\n<p>CNPJ 11.254.202\/0001-86;<\/p>\n\n\n\n<p>DIRET\u00d3RIO CENTRAL DOS ESTUDANTES DCE LIVRE MAURICIO DE NASSAU\/PB<\/p>\n\n\n\n<p>CNPJ \u2013 14.113.130\/0001-45;&nbsp;&nbsp;&nbsp;&nbsp;&nbsp;&nbsp;&nbsp;&nbsp;&nbsp;&nbsp;&nbsp;&nbsp;&nbsp;&nbsp;&nbsp;<\/p>\n\n\n\n<p>DIRET\u00d3RIO CENTRAL DOS ESTUDANTES \u2013 DCE FIP\/FADIP<\/p>\n\n\n\n<p>CNPJ 08.015.701\/0001-06;<\/p>\n\n\n\n<p>DIRET\u00d3RIO CENTRAL DOS ESTUDANTES \u2013 DCE IFPB<\/p>\n\n\n\n<p>CNPJ 07.258.615\/0001-61;<\/p>\n\n\n\n<p>DIRET\u00d3RIO CENTRAL DOS ESTUDANTES \u2013 DCE UFPB<\/p>\n\n\n\n<p>CNPJ 19.928.194\/0001-18;<\/p>\n\n\n\n<p>DIRET\u00d3RIO CENTRAL DOS ESTUDANTES DA FACULDADE INTERNACIONAL DA PARA\u00cdBA \u2013 DCE FPB\/ASPEC&nbsp;<\/p>\n\n\n\n<p>CNPJ 32.850.600\/0001-35;<\/p>\n\n\n\n<p>DIRET\u00d3RIO CENTRAL DOS ESTUDANTES \u2013 DCE IESP<\/p>\n\n\n\n<p>CNPJ 33.507.560\/0001-96;<\/p>\n\n\n\n<p>DIRET\u00d3RIO CENTRAL DOS ESTUDANTES \u2013 DCE UNIP\u00ca<\/p>\n\n\n\n<p>CNPJ 00.473.714\/0001-17;<\/p>\n\n\n\n<p><strong>Estudantes Secundaristas:<\/strong><\/p>\n\n\n\n<p>AESP \u2013 ASSOCIA\u00c7\u00c3O DOS ESTUDANTES SECUNDARISTAS DA PARA\u00cdBA<\/p>\n\n\n\n<p>CNPJ 03.277.821\/0001-68;<\/p>\n\n\n\n<p>UEEP \u2013 UNI\u00c3O ESTADUAL DOS ESTUDANTES DA PARA\u00cdBA<\/p>\n\n\n\n<p>CNPJ 03.545.685\/0001-40<\/p>\n","protected":false},"excerpt":{"rendered":"<p>Devido a pandemia da corona v\u00edrus, as habilita\u00e7\u00f5es das entidades estudantis para confec\u00e7\u00e3o das \u201cCarteirinhas de Estudante 2020\u201d tiveram atrasos, sendo as habilita\u00e7\u00f5es divulgadas no&hellip; <\/p>\n","protected":false},"author":2,"featured_media":162525,"comment_status":"closed","ping_status":"closed","sticky":false,"template":"","format":"standard","meta":{"sfsi_plus_gutenberg_text_before_share":"","sfsi_plus_gutenberg_show_text_before_share":"","sfsi_plus_gutenberg_icon_type":"","sfsi_plus_gutenberg_icon_alignemt":"","sfsi_plus_gutenburg_max_per_row":"","footnotes":""},"categories":[50,2],"tags":[],"class_list":["post-162524","post","type-post","status-publish","format-standard","has-post-thumbnail","hentry","category-destaque","category-geral"],"_links":{"self":[{"href":"https:\/\/www.caririemacao.com\/1\/wp-json\/wp\/v2\/posts\/162524","targetHints":{"allow":["GET"]}}],"collection":[{"href":"https:\/\/www.caririemacao.com\/1\/wp-json\/wp\/v2\/posts"}],"about":[{"href":"https:\/\/www.caririemacao.com\/1\/wp-json\/wp\/v2\/types\/post"}],"author":[{"embeddable":true,"href":"https:\/\/www.caririemacao.com\/1\/wp-json\/wp\/v2\/users\/2"}],"replies":[{"embeddable":true,"href":"https:\/\/www.caririemacao.com\/1\/wp-json\/wp\/v2\/comments?post=162524"}],"version-history":[{"count":2,"href":"https:\/\/www.caririemacao.com\/1\/wp-json\/wp\/v2\/posts\/162524\/revisions"}],"predecessor-version":[{"id":162530,"href":"https:\/\/www.caririemacao.com\/1\/wp-json\/wp\/v2\/posts\/162524\/revisions\/162530"}],"wp:featuredmedia":[{"embeddable":true,"href":"https:\/\/www.caririemacao.com\/1\/wp-json\/wp\/v2\/media\/162525"}],"wp:attachment":[{"href":"https:\/\/www.caririemacao.com\/1\/wp-json\/wp\/v2\/media?parent=162524"}],"wp:term":[{"taxonomy":"category","embeddable":true,"href":"https:\/\/www.caririemacao.com\/1\/wp-json\/wp\/v2\/categories?post=162524"},{"taxonomy":"post_tag","embeddable":true,"href":"https:\/\/www.caririemacao.com\/1\/wp-json\/wp\/v2\/tags?post=162524"}],"curies":[{"name":"wp","href":"https:\/\/api.w.org\/{rel}","templated":true}]}}