{"id":162537,"date":"2020-04-07T06:35:07","date_gmt":"2020-04-07T09:35:07","guid":{"rendered":"http:\/\/www.caririemacao.com\/1\/?p=162537"},"modified":"2020-04-07T06:35:10","modified_gmt":"2020-04-07T09:35:10","slug":"saiba-como-bolsonaro-desistiu-de-demitir-o-ministro-da-saude","status":"publish","type":"post","link":"https:\/\/www.caririemacao.com\/1\/2020\/04\/07\/saiba-como-bolsonaro-desistiu-de-demitir-o-ministro-da-saude\/","title":{"rendered":"Saiba como Bolsonaro desistiu de demitir o ministro da Sa\u00fade"},"content":{"rendered":"\n<p>O presidente Jair Bolsonaro avalia&nbsp;<a href=\"https:\/\/paraibaonline.com.br\/2020\/04\/os-bastidores-do-processo-de-fritura-do-ministro-da-saude\/\">demitir o ministro da Sa\u00fade, Luiz Henrique Mandetta,<\/a>&nbsp;para substitu\u00ed-lo por um nome t\u00e9cnico que seja defensor da utiliza\u00e7\u00e3o da hidroxicloroquina no tratamento de pacientes com coronav\u00edrus, mas uma ala de ministros atua para que ele n\u00e3o exonere o auxiliar.<\/p>\n\n\n\n<p>Integrantes do chamado n\u00facleo moderado do governo, que inclui militares,&nbsp;<a href=\"http:\/\/xn--presidente%20almoou%20com%20os%20ministros%20palaciano-mwe\/\" target=\"_blank\" rel=\"noreferrer noopener\">conversaram nesta segunda-feira (6)<\/a>&nbsp;desde cedo com Bolsonaro na tentativa de demov\u00ea-lo da ideia de exonerar Mandetta no curto prazo. Em conversas reservadas, o presidente chegou a dizer que a situa\u00e7\u00e3o estava insustent\u00e1vel.<\/p>\n\n\n\n<p>Mandetta, por\u00e9m, afirmou que vai continuar no cargo, ap\u00f3s as especula\u00e7\u00f5es durante o dia de que poderia ser demitido pelo presidente Jair Bolsonaro.<\/p>\n\n\n\n<p>\u201cN\u00f3s vamos continuar, porque continuamos vamos continuar enfrentando o nosso inimigo, que tem nome e sobrenome, o Covid-19\u201d, disse, em entrevista coletiva no minist\u00e9rio, depois de uma reuni\u00e3o com Bolsonaro e outros ministros no Planalto.<\/p>\n\n\n\n<p>Num primeiro momento, a press\u00e3o fez efeito. Ministros de fora do Pal\u00e1cio do Planalto estavam apreensivos com a reuni\u00e3o ministerial convocada por Bolsonaro para o final da tarde desta segunda, com receio de que ele anunciasse a sa\u00edda do titular da Sa\u00fade.<\/p>\n\n\n\n<p>O encontro teve um clima tenso, segundo relatos, mas o presidente n\u00e3o deu sinais de uma exonera\u00e7\u00e3o pr\u00f3xima.<\/p>\n\n\n\n<p>Na reuni\u00e3o, Bolsonaro e Mandetta expuseram diverg\u00eancias sobre o uso da cloroquina em casos de coronav\u00edrus.<\/p>\n\n\n\n<p>O presidente disse que havia conversado com especialistas que defendiam o uso do rem\u00e9dio em est\u00e1gio inicial da doen\u00e7a.<\/p>\n\n\n\n<p>O ministro da Sa\u00fade, por sua vez, defendeu que n\u00e3o h\u00e1 ainda protocolos seguros sobre o uso da rem\u00e9dio.<\/p>\n\n\n\n<p>Bolsonaro n\u00e3o refutou e ouviu de ministros apelos para que a equipe mantenha a uni\u00e3o.<\/p>\n\n\n\n<p>\u201cEu acho que a coisa vai se ajustando\u201d, disse \u00e0 reportagem o vice-presidente, Hamilton Mour\u00e3o.<\/p>\n\n\n\n<figure class=\"wp-block-image\"><img decoding=\"async\" data-src=\"https:\/\/paraibaonline.com.br\/wp-content\/uploads\/2020\/04\/mandetta-abr-567x378.jpg\" alt=\"Foto: ABr\" class=\"wp-image-848483 lazyload\" src=\"data:image\/svg+xml;base64,PHN2ZyB3aWR0aD0iMSIgaGVpZ2h0PSIxIiB4bWxucz0iaHR0cDovL3d3dy53My5vcmcvMjAwMC9zdmciPjwvc3ZnPg==\" style=\"--smush-placeholder-width: 567px; --smush-placeholder-aspect-ratio: 567\/378;\" \/><\/figure>\n\n\n\n<p>Foto: ABr<\/p>\n\n\n\n<p>Apesar de n\u00e3o ter dado sinais na reuni\u00e3o de que vai demitir o ministro, aliados de Bolsonaro o consideram imprevis\u00edvel e por isso buscam alternativas para o cargo. A ideia \u00e9 encontrar um nome favor\u00e1vel ao uso da hidroxicloroquina.<\/p>\n\n\n\n<p>A ideia inicial de Bolsonaro era exonerar o auxiliar presidencial apenas em junho, de modo a n\u00e3o correr o risco de ser responsabilizado sozinho caso o sistema de sa\u00fade entre em colapso durante a pandemia da doen\u00e7a.<\/p>\n\n\n\n<p>Em conversas reservadas nesta segunda-feira, no entanto, o presidente disse que n\u00e3o tinha como manter o auxiliar no cargo. Para Bolsonaro, ele o tem desafiado em declara\u00e7\u00f5es p\u00fablicas e n\u00e3o conta mais com a confian\u00e7a do presidente.<\/p>\n\n\n\n<p>O n\u00facleo moderado do Pal\u00e1cio do Planalto defende que, caso o presidente substitua Mandetta, escale um m\u00e9dico com um curr\u00edculo respeit\u00e1vel, que ajude a reduzir um eventual desgaste p\u00fablico com a sa\u00edda de Mandetta.<\/p>\n\n\n\n<p>Sem a presen\u00e7a de Mandetta, o presidente almo\u00e7ou com os quatro ministros palacianos e com o deputado federal Osmar Terra (MDB-RS). O parlamentar, cotado para o posto e defensor da hidroxicloroquina e do isolamento vertical, tem ajudado o presidente em uma eventual transi\u00e7\u00e3o da pasta.<\/p>\n\n\n\n<p>Al\u00e9m deles, tamb\u00e9m estava presente no encontro a m\u00e9dica Nise Yamaguchi, que defende o uso de hidroxicloroquina para casos de coronav\u00edrus em est\u00e1gio inicial.<\/p>\n\n\n\n<p>O nome dela, que tem o apoio do grupo ideol\u00f3gico, passou a ser apontado pelo entorno de Bolsonaro como um dos poss\u00edveis para substituir Mandetta caso ele seja demitido.<\/p>\n\n\n\n<p>Outro nome que conta com a simpatia de Bolsonaro \u00e9 o do cardiologista Ot\u00e1vio Berwanger. Ele esteve com o presidente na semana passada em reuni\u00e3o com m\u00e9dicos no Pal\u00e1cio do Planalto.<\/p>\n\n\n\n<p>O chefe do Executivo tem se incomodado com a demora do Minist\u00e9rio da Sa\u00fade em apresentar um protocolo claro para o uso da hidroxicloroquina. Bolsonaro tamb\u00e9m se queixa da falta de um plano detalhado para o combate ao v\u00edrus e retorno de atividades nos estados.<\/p>\n\n\n\n<p>Na semana passada, Bolsonaro estava prestes a demitir Mandetta, mas foi demovido por aliados pr\u00f3ximos. Nesta segunda-feira, ele passou a considerar uma exonera\u00e7\u00e3o at\u00e9 o final da semana, mas recebeu recados negativos do Poder Legislativo.<\/p>\n\n\n\n<p>O presidente do Senado, Davi Alcolumbre (DEM-AP), e da C\u00e2mara, Rodrigo Maia (DEM-RJ), j\u00e1 informaram ao Pal\u00e1cio do Planalto que apoiam a perman\u00eancia do ministro. O receio da articula\u00e7\u00e3o pol\u00edtica \u00e9 de que uma demiss\u00e3o possa estimular retalia\u00e7\u00f5es em vota\u00e7\u00f5es do governo.<\/p>\n\n\n\n<p>Alcolumbre, por exemplo, rejeitou um convite para um encontro com Bolsonaro no final de semana e, nesta segunda (6), telefonou para o ministro Luiz Eduardo Ramos (Secretaria de Governo) e informou ser contra a demiss\u00e3o de Mandetta.<\/p>\n\n\n\n<p>Nos \u00faltimos dias, Bolsonaro tem se estranhando com Mandetta e chegou a afirmar que falta humildade ao seu auxiliar e que ele extrapolou.<\/p>\n\n\n\n<p>O presidente tem divergido, entre outras coisas, das medidas de isolamento social defendidas por Mandetta para combater a pandemia do coronav\u00edrus.<\/p>\n\n\n\n<p>Bolsonaro adotou um discurso contr\u00e1rio ao fechamento de com\u00e9rcio nos estados, enquanto Mandetta defende que as pessoas fiquem em casa.<\/p>\n\n\n\n<p>Ap\u00f3s essa declara\u00e7\u00e3o, dada na quinta-feira (2), o ministro reagiu em seguida e disse: \u201cN\u00e3o comento o que o presidente da Rep\u00fablica fala. Ele tem mandato popular, e quem tem mandato popular fala, e quem n\u00e3o tem, como eu, trabalha\u201d.<\/p>\n\n\n\n<p>Nos bastidores, Mandetta vem dizendo a aliados que n\u00e3o pretende pedir demiss\u00e3o e s\u00f3 sair\u00e1 do cargo por decis\u00e3o de Bolsonaro.<\/p>\n\n\n\n<p>Neste domingo, por exemplo, sem citar nomes, Bolsonaro disse que integrantes de seu governo \u201cviraram estrelas\u201d e que a hora deles vai chegar. Em uma amea\u00e7a velada de demiti-los, disse n\u00e3o ter \u201cmedo de usar a caneta\u201d.<\/p>\n\n\n\n<p>\u201c[De] algumas pessoas do meu governo, algo subiu \u00e0 cabe\u00e7a deles. Est\u00e3o se achando demais. Eram pessoas normais, mas, de repente, viraram estrelas, falam pelos cotovelos, tem provoca\u00e7\u00f5es. A hora D n\u00e3o chegou ainda n\u00e3o. Vai chegar a hora deles, porque a minha caneta funciona\u201d, afirmou Bolsonaro.<\/p>\n\n\n\n<p>\u201cN\u00e3o tenho medo de usar a caneta, nem pavor. E ela vai ser usada para o bem do Brasil. N\u00e3o \u00e9 para o meu bem. Nada pessoal meu\u201d, disse o presidente.<\/p>\n\n\n\n<p>Al\u00e9m de Mandetta, outros ministros t\u00eam discordado de Bolsonaro nessa crise. Conforme a Folha de S.Paulo mostrou, Sergio Moro (Justi\u00e7a) e Paulo Guedes (Economia) uniram-se nos bastidores no apoio ao colega da Sa\u00fade e na defesa da manuten\u00e7\u00e3o das medidas de distanciamento social e isolamento da popula\u00e7\u00e3o.<\/p>\n\n\n\n<p>O trio formou uma esp\u00e9cie de bloco antag\u00f4nico, com o apoio de setores militares, criando um movimento oposto ao comportamento do presidente.<\/p>\n\n\n\n<p>Segundo pesquisa Datafolha realizada na semana passada, a aprova\u00e7\u00e3o da condu\u00e7\u00e3o da crise do coronav\u00edrus pelo Minist\u00e9rio da Sa\u00fade disparou e j\u00e1 \u00e9 mais do que o dobro da registrada por Bolsonaro. Governadores e prefeitos tamb\u00e9m t\u00eam avalia\u00e7\u00e3o superior \u00e0 do presidente.<\/p>\n\n\n\n<p>Na rodada anterior, feita de 18 a 20 de mar\u00e7o, a pasta conduzida por Mandetta tinha uma aprova\u00e7\u00e3o de 55%. Agora, o n\u00famero saltou para 76%, enquanto a reprova\u00e7\u00e3o caiu de 12% para 5%. Foi de 31% para 18% o n\u00famero daqueles que veem um trabalho regular da Sa\u00fade.<\/p>\n\n\n\n<p>J\u00e1 o presidente viu sua reprova\u00e7\u00e3o na emerg\u00eancia sanit\u00e1ria subir de 33% para 39%, crescimento no limite da margem de erro. A aprova\u00e7\u00e3o segue est\u00e1vel (33% ante 35%), assim como a avalia\u00e7\u00e3o regular (26% para 25%).<\/p>\n\n\n\n<p>A rela\u00e7\u00e3o entre o ministro e Bolsonaro vem numa escalada de tens\u00e3o e subiu no final de mar\u00e7o, quando o presidente resolveu dar um passeio pela periferia de Bras\u00edlia, contrariando todas as orienta\u00e7\u00f5es do Minist\u00e9rio da Sa\u00fade.<\/p>\n\n\n\n<p>O giro de Bolsonaro ocorreu um dia ap\u00f3s Mandetta ter refor\u00e7ado a import\u00e2ncia do distanciamento social \u00e0 popula\u00e7\u00e3o nesta etapa da pandemia do coronav\u00edrus.<\/p>\n\n\n\n<p>Neste domingo, Bolsonaro, que j\u00e1 demitiu quatro ministros (Gustavo Bebianno, Ricardo V\u00e9lez, Santos Cruz e Osmar Terra) e deslocou outros tr\u00eas (Floriano Peixoto, Gustavo Canuto e Onyx Lorenzoni) desde que assumiu o poder, em 2019, disse ter errado na escolha de alguns deles.<\/p>\n\n\n\n<p>\u201cEscolhi, crit\u00e9rio t\u00e9cnico, errei alguns, alguns j\u00e1 foram embora. Estamos vivendo agora um novo momento. Uma crise, chegou no mundo todo, n\u00e3o deixou o Brasil de fora. O outro problema que vivemos \u00e9 a quest\u00e3o do desemprego\u201d, disse Bolsonaro.<\/p>\n","protected":false},"excerpt":{"rendered":"<p>O presidente Jair Bolsonaro avalia&nbsp;demitir o ministro da Sa\u00fade, Luiz Henrique Mandetta,&nbsp;para substitu\u00ed-lo por um nome t\u00e9cnico que seja defensor da utiliza\u00e7\u00e3o da hidroxicloroquina no&hellip; <\/p>\n","protected":false},"author":2,"featured_media":162359,"comment_status":"closed","ping_status":"closed","sticky":false,"template":"","format":"standard","meta":{"sfsi_plus_gutenberg_text_before_share":"","sfsi_plus_gutenberg_show_text_before_share":"","sfsi_plus_gutenberg_icon_type":"","sfsi_plus_gutenberg_icon_alignemt":"","sfsi_plus_gutenburg_max_per_row":"","footnotes":""},"categories":[11],"tags":[],"class_list":["post-162537","post","type-post","status-publish","format-standard","has-post-thumbnail","hentry","category-politica"],"_links":{"self":[{"href":"https:\/\/www.caririemacao.com\/1\/wp-json\/wp\/v2\/posts\/162537","targetHints":{"allow":["GET"]}}],"collection":[{"href":"https:\/\/www.caririemacao.com\/1\/wp-json\/wp\/v2\/posts"}],"about":[{"href":"https:\/\/www.caririemacao.com\/1\/wp-json\/wp\/v2\/types\/post"}],"author":[{"embeddable":true,"href":"https:\/\/www.caririemacao.com\/1\/wp-json\/wp\/v2\/users\/2"}],"replies":[{"embeddable":true,"href":"https:\/\/www.caririemacao.com\/1\/wp-json\/wp\/v2\/comments?post=162537"}],"version-history":[{"count":1,"href":"https:\/\/www.caririemacao.com\/1\/wp-json\/wp\/v2\/posts\/162537\/revisions"}],"predecessor-version":[{"id":162538,"href":"https:\/\/www.caririemacao.com\/1\/wp-json\/wp\/v2\/posts\/162537\/revisions\/162538"}],"wp:featuredmedia":[{"embeddable":true,"href":"https:\/\/www.caririemacao.com\/1\/wp-json\/wp\/v2\/media\/162359"}],"wp:attachment":[{"href":"https:\/\/www.caririemacao.com\/1\/wp-json\/wp\/v2\/media?parent=162537"}],"wp:term":[{"taxonomy":"category","embeddable":true,"href":"https:\/\/www.caririemacao.com\/1\/wp-json\/wp\/v2\/categories?post=162537"},{"taxonomy":"post_tag","embeddable":true,"href":"https:\/\/www.caririemacao.com\/1\/wp-json\/wp\/v2\/tags?post=162537"}],"curies":[{"name":"wp","href":"https:\/\/api.w.org\/{rel}","templated":true}]}}