{"id":162541,"date":"2020-04-07T06:36:13","date_gmt":"2020-04-07T09:36:13","guid":{"rendered":"http:\/\/www.caririemacao.com\/1\/?p=162541"},"modified":"2020-04-07T06:36:15","modified_gmt":"2020-04-07T09:36:15","slug":"secretaria-de-saude-da-paraiba-atualiza-numero-de-casos-confirmados-de-covid-19","status":"publish","type":"post","link":"https:\/\/www.caririemacao.com\/1\/2020\/04\/07\/secretaria-de-saude-da-paraiba-atualiza-numero-de-casos-confirmados-de-covid-19\/","title":{"rendered":"Secretaria de Sa\u00fade da Para\u00edba atualiza n\u00famero de casos confirmados de Covid-19"},"content":{"rendered":"\n<p>A Para\u00edba j\u00e1 confirmou 36 casos da Covid-19, conforme o boletim de atualiza\u00e7\u00e3o da Secretaria de Estado da Sa\u00fade.<\/p>\n\n\n\n<p>O caso confirmado nesta segunda-feira, 6, trata-se de um homem de 37 anos, residente em Jo\u00e3o Pessoa. O paciente est\u00e1 em isolamento domiciliar e sendo monitorado pela vigil\u00e2ncia municipal.<\/p>\n\n\n\n<p>At\u00e9 agora, os casos confirmados est\u00e3o distribu\u00eddos por oito munic\u00edpios: Jo\u00e3o Pessoa, Campina Grande, Cabedelo, Junco do Serid\u00f3, Patos, Serra Branca, Sousa e Igaracy.<\/p>\n\n\n\n<p>No momento, 23 pacientes est\u00e3o internados em UTI (14 em estabelecimentos p\u00fablicos e nove no privado) e 114 em leitos de isolamento (70 em estabelecimentos p\u00fablicos e 44 no privado), seguindo em investiga\u00e7\u00e3o para Covid-19.<\/p>\n\n\n\n<p>Os demais casos hospitalizados e com resultado n\u00e3o detect\u00e1vel seguem em investiga\u00e7\u00e3o para demais v\u00edrus.<\/p>\n\n\n\n<p>Dos casos confirmados, tr\u00eas encontram-se hospitalizados (um em UTI e dois em isolamento), 11 j\u00e1 se recuperaram da Covid-19 e 18 seguem em isolamento domiciliar.<\/p>\n\n\n\n<p>A Secretaria Estadual de Sa\u00fade (SES-PB) tem um total de quatro \u00f3bitos por Covid-19 e outros 15 em investiga\u00e7\u00e3o.<\/p>\n\n\n\n<p>No Estado temos 708 notifica\u00e7\u00f5es em investiga\u00e7\u00e3o de casos suspeitos de Covid notificados pelos munic\u00edpios e hospitais mediante suspeita cl\u00ednica para S\u00edndrome Gripal e\/ou S\u00edndrome Respirat\u00f3ria Aguda Grave (SRAG) por Covid-19, dados esses registrados no sistema Redcap e SIVEP Gripe e Hospitalizados.<\/p>\n\n\n\n<p>Um total de 608 casos notificados j\u00e1 foram descartados por exames laboratoriais para S\u00edndrome Gripal e casos SRAG por Covid-19<\/p>\n","protected":false},"excerpt":{"rendered":"<p>A Para\u00edba j\u00e1 confirmou 36 casos da Covid-19, conforme o boletim de atualiza\u00e7\u00e3o da Secretaria de Estado da Sa\u00fade. O caso confirmado nesta segunda-feira, 6,&hellip; <\/p>\n","protected":false},"author":2,"featured_media":161425,"comment_status":"closed","ping_status":"closed","sticky":false,"template":"","format":"standard","meta":{"sfsi_plus_gutenberg_text_before_share":"","sfsi_plus_gutenberg_show_text_before_share":"","sfsi_plus_gutenberg_icon_type":"","sfsi_plus_gutenberg_icon_alignemt":"","sfsi_plus_gutenburg_max_per_row":"","footnotes":""},"categories":[16],"tags":[],"class_list":["post-162541","post","type-post","status-publish","format-standard","has-post-thumbnail","hentry","category-saude"],"_links":{"self":[{"href":"https:\/\/www.caririemacao.com\/1\/wp-json\/wp\/v2\/posts\/162541","targetHints":{"allow":["GET"]}}],"collection":[{"href":"https:\/\/www.caririemacao.com\/1\/wp-json\/wp\/v2\/posts"}],"about":[{"href":"https:\/\/www.caririemacao.com\/1\/wp-json\/wp\/v2\/types\/post"}],"author":[{"embeddable":true,"href":"https:\/\/www.caririemacao.com\/1\/wp-json\/wp\/v2\/users\/2"}],"replies":[{"embeddable":true,"href":"https:\/\/www.caririemacao.com\/1\/wp-json\/wp\/v2\/comments?post=162541"}],"version-history":[{"count":1,"href":"https:\/\/www.caririemacao.com\/1\/wp-json\/wp\/v2\/posts\/162541\/revisions"}],"predecessor-version":[{"id":162542,"href":"https:\/\/www.caririemacao.com\/1\/wp-json\/wp\/v2\/posts\/162541\/revisions\/162542"}],"wp:featuredmedia":[{"embeddable":true,"href":"https:\/\/www.caririemacao.com\/1\/wp-json\/wp\/v2\/media\/161425"}],"wp:attachment":[{"href":"https:\/\/www.caririemacao.com\/1\/wp-json\/wp\/v2\/media?parent=162541"}],"wp:term":[{"taxonomy":"category","embeddable":true,"href":"https:\/\/www.caririemacao.com\/1\/wp-json\/wp\/v2\/categories?post=162541"},{"taxonomy":"post_tag","embeddable":true,"href":"https:\/\/www.caririemacao.com\/1\/wp-json\/wp\/v2\/tags?post=162541"}],"curies":[{"name":"wp","href":"https:\/\/api.w.org\/{rel}","templated":true}]}}