{"id":162555,"date":"2020-04-07T06:41:56","date_gmt":"2020-04-07T09:41:56","guid":{"rendered":"http:\/\/www.caririemacao.com\/1\/?p=162555"},"modified":"2020-04-07T06:41:58","modified_gmt":"2020-04-07T09:41:58","slug":"ministerio-prepara-plano-de-transicao-para-fase-mais-branda-de-isolamento","status":"publish","type":"post","link":"https:\/\/www.caririemacao.com\/1\/2020\/04\/07\/ministerio-prepara-plano-de-transicao-para-fase-mais-branda-de-isolamento\/","title":{"rendered":"Minist\u00e9rio prepara plano de transi\u00e7\u00e3o para fase mais branda de isolamento"},"content":{"rendered":"\n<p>O Minist\u00e9rio da Sa\u00fade elaborou um plano de transi\u00e7\u00e3o para uma fase mais branda de isolamento destinado a estados e munic\u00edpios cuja quantidade de casos confirmados do coronav\u00edrus n\u00e3o tenha causado impacto severo no sistema de sa\u00fade. A mudan\u00e7a est\u00e1 programada para come\u00e7ar no dia 13 de abril.<\/p>\n\n\n\n<p>O plano foi antecipado pelo jornal Folha de S.Paulo. De acordo com o Boletim Epidemiol\u00f3gico da pasta, divulgado nesta segunda-feira (6), unidades da federa\u00e7\u00e3o e munic\u00edpios que implementaram o chamado Distanciamento Social Ampliado (DSA) podem passar para o<\/p>\n\n\n\n<p>Distanciamento Social Seletivo (DSS), caso os casos confirmados n\u00e3o tenham impactado em mais de 50% da capacidade de sa\u00fade instalada.<\/p>\n\n\n\n<p>No chamado Distanciamento Social Seletivo, apenas os grupos de risco ficam isolados, como idosos e portadores de doen\u00e7as cr\u00f4nicas. Pessoas com idade inferior a 60 anos que n\u00e3o tenham os sintomas podem circular livremente. O objetivo dessa estrat\u00e9gia \u00e9 promover o retorno gradual \u00e0s atividades econ\u00f4micas.<\/p>\n\n\n\n<p>O presidente Jair Bolsonaro (sem partido) vem defendendo publicamente a retomada das atividades econ\u00f4micas, mantendo isoladas apenas pessoas de grupos de risco.<\/p>\n\n\n\n<p>Bolsonaro ressalta a necessidade de abrir com\u00e9rcio e retomar atividades da economia para evitar o desemprego. Esse \u00e9 o principal ponto de atrito com seu ministro da Sa\u00fade, Luiz Henrique Mandetta, que discorda do presidente e defende a necessidade do isolamento ampliado.<\/p>\n\n\n\n<figure class=\"wp-block-image\"><img decoding=\"async\" data-src=\"https:\/\/paraibaonline.com.br\/wp-content\/uploads\/2020\/04\/DISTANCIAMENTO-567x339.jpg\" alt=\"Foto: Marcello Casal Jr\/Ag\u00eancia Brasil\" class=\"wp-image-848477 lazyload\" src=\"data:image\/svg+xml;base64,PHN2ZyB3aWR0aD0iMSIgaGVpZ2h0PSIxIiB4bWxucz0iaHR0cDovL3d3dy53My5vcmcvMjAwMC9zdmciPjwvc3ZnPg==\" style=\"--smush-placeholder-width: 567px; --smush-placeholder-aspect-ratio: 567\/339;\" \/><\/figure>\n\n\n\n<p>Foto: Marcello Casal Jr\/Ag\u00eancia Brasil<\/p>\n\n\n\n<p>O Minist\u00e9rio da Sa\u00fade informou que a divulga\u00e7\u00e3o do boletim j\u00e1 estava programada. A pasta argumenta que era necess\u00e1rio estabelecer crit\u00e9rios t\u00e9cnicos para guiar estados e munic\u00edpios na tomada de decis\u00f5es.<\/p>\n\n\n\n<p>A reportagem apurou, no entanto, que as falas do presidente Bolsonaro, principalmente, e tamb\u00e9m de outros governadores e prefeitos influenciaram a elabora\u00e7\u00e3o do plano, pois t\u00e9cnicos temiam ser pegos de surpresa com decis\u00f5es dos governantes.<\/p>\n\n\n\n<p>O plano n\u00e3o tem um car\u00e1ter vinculante. Estados e munic\u00edpios t\u00eam compet\u00eancia para tomar suas pr\u00f3prias decis\u00f5es. Representantes do Minist\u00e9rio da Sa\u00fade, no entanto, acreditam que a exist\u00eancia de crit\u00e9rios possa embasar poss\u00edveis a\u00e7\u00f5es de Minist\u00e9rios P\u00fablicos contra governantes que tomarem decis\u00f5es contr\u00e1rias \u00e0s diretrizes.<\/p>\n\n\n\n<p>\u201cA epidemia n\u00e3o \u00e9 igual em todas os estados. Temos localidades que n\u00e3o teriam neste momento nenhuma indica\u00e7\u00e3o de fazer distanciamento social ampliado? Essa \u00e9 que \u00e9 a quest\u00e3o. Tem locais em que temos de ter uma estrat\u00e9gia diferenciada de distanciamento social? N\u00e3o temos d\u00favidas disso\u201d, declarou o secret\u00e1rio de Vigil\u00e2ncia em Sa\u00fade do minist\u00e9rio, Wanderson Oliveira.<\/p>\n\n\n\n<p>\u201cA teoria de distanciamento social seletivo em que eu abro o sistema para que popula\u00e7\u00f5es jovens possam transitar e criar uma imunidade de rebanho, em teoria, ela \u00e9 razo\u00e1vel. N\u00e3o tem problema do ponto de vista metodol\u00f3gico\u201d, completa.<\/p>\n\n\n\n<p>Apesar do car\u00e1ter n\u00e3o vinculante, o minist\u00e9rio defende o isolamento ampliado para estados e munic\u00edpios que n\u00e3o tenham uma forte estrutura de sa\u00fade.<\/p>\n\n\n\n<p>\u201cAgora fazer uma transi\u00e7\u00e3o direta, sem termos os condicionantes de sa\u00fade -equipamentos de prote\u00e7\u00e3o individual, respiradores mec\u00e2nicos, testes laboratoriais e leitos em quantidade suficiente-, isso \u00e9 temer\u00e1rio\u201d, completou o secret\u00e1rio.<\/p>\n\n\n\n<p>Al\u00e9m dos dois tipos de distanciamentos sociais, o plano tamb\u00e9m apresenta a terceira forma de combater a propaga\u00e7\u00e3o do v\u00edrus, que \u00e9 o fechamento completo, o chamado lockdown. Essa pr\u00e1tica determina um isolamento completo, com agentes de seguran\u00e7a que vigiam a circula\u00e7\u00e3o de pessoas. A medida foi adotada em pa\u00edses como a It\u00e1lia e Espanha, duramente atingidos pelo coronav\u00edrus, mas nenhuma cidade ou estado brasileiros seguiu esse caminho.<\/p>\n","protected":false},"excerpt":{"rendered":"<p>O Minist\u00e9rio da Sa\u00fade elaborou um plano de transi\u00e7\u00e3o para uma fase mais branda de isolamento destinado a estados e munic\u00edpios cuja quantidade de casos&hellip; <\/p>\n","protected":false},"author":2,"featured_media":162556,"comment_status":"closed","ping_status":"closed","sticky":false,"template":"","format":"standard","meta":{"sfsi_plus_gutenberg_text_before_share":"","sfsi_plus_gutenberg_show_text_before_share":"","sfsi_plus_gutenberg_icon_type":"","sfsi_plus_gutenberg_icon_alignemt":"","sfsi_plus_gutenburg_max_per_row":"","footnotes":""},"categories":[2],"tags":[],"class_list":["post-162555","post","type-post","status-publish","format-standard","has-post-thumbnail","hentry","category-geral"],"_links":{"self":[{"href":"https:\/\/www.caririemacao.com\/1\/wp-json\/wp\/v2\/posts\/162555","targetHints":{"allow":["GET"]}}],"collection":[{"href":"https:\/\/www.caririemacao.com\/1\/wp-json\/wp\/v2\/posts"}],"about":[{"href":"https:\/\/www.caririemacao.com\/1\/wp-json\/wp\/v2\/types\/post"}],"author":[{"embeddable":true,"href":"https:\/\/www.caririemacao.com\/1\/wp-json\/wp\/v2\/users\/2"}],"replies":[{"embeddable":true,"href":"https:\/\/www.caririemacao.com\/1\/wp-json\/wp\/v2\/comments?post=162555"}],"version-history":[{"count":1,"href":"https:\/\/www.caririemacao.com\/1\/wp-json\/wp\/v2\/posts\/162555\/revisions"}],"predecessor-version":[{"id":162557,"href":"https:\/\/www.caririemacao.com\/1\/wp-json\/wp\/v2\/posts\/162555\/revisions\/162557"}],"wp:featuredmedia":[{"embeddable":true,"href":"https:\/\/www.caririemacao.com\/1\/wp-json\/wp\/v2\/media\/162556"}],"wp:attachment":[{"href":"https:\/\/www.caririemacao.com\/1\/wp-json\/wp\/v2\/media?parent=162555"}],"wp:term":[{"taxonomy":"category","embeddable":true,"href":"https:\/\/www.caririemacao.com\/1\/wp-json\/wp\/v2\/categories?post=162555"},{"taxonomy":"post_tag","embeddable":true,"href":"https:\/\/www.caririemacao.com\/1\/wp-json\/wp\/v2\/tags?post=162555"}],"curies":[{"name":"wp","href":"https:\/\/api.w.org\/{rel}","templated":true}]}}