{"id":162562,"date":"2020-04-07T06:46:45","date_gmt":"2020-04-07T09:46:45","guid":{"rendered":"http:\/\/www.caririemacao.com\/1\/?p=162562"},"modified":"2020-04-07T06:46:48","modified_gmt":"2020-04-07T09:46:48","slug":"ministerio-muda-estrategia-e-propoe-reduzir-isolamento-em-estados-e-cidades-com-50-da-capacidade-de-saude-vaga","status":"publish","type":"post","link":"https:\/\/www.caririemacao.com\/1\/2020\/04\/07\/ministerio-muda-estrategia-e-propoe-reduzir-isolamento-em-estados-e-cidades-com-50-da-capacidade-de-saude-vaga\/","title":{"rendered":"Minist\u00e9rio muda estrat\u00e9gia e prop\u00f5e reduzir isolamento em estados e cidades com 50% da capacidade de sa\u00fade vaga"},"content":{"rendered":"\n<p>O Minist\u00e9rio da Sa\u00fade prop\u00f5e reduzir parcialmente o isolamento em cidades e estados com metade dos leitos e estrutura de sa\u00fade vagos. A medida, de acordo com o boletim divulgado nesta segunda-feira (6), passaria a valer na segunda-feira (13).<\/p>\n\n\n\n<p>A partir da pr\u00f3xima semana, portanto, cidades com mais de 50% da capacidade de atendimento m\u00e9dico dispon\u00edvel poderiam passar do Distanciamento Social Ampliado (DSA) para uma transi\u00e7\u00e3o ao Distanciamento Social Seletivo. Veja a diferen\u00e7a entre os dois, de acordo com documento do minist\u00e9rio:<\/p>\n\n\n\n<ul class=\"wp-block-list\"><li>Distanciamento Social Ampliado (DSA): Estrat\u00e9gia que n\u00e3o tem limita\u00e7\u00f5es apenas para grupos espec\u00edficos &#8211; todos os setores da sociedade devem permanecer em isolamento.<\/li><li>Distanciamento Social Seletivo (DSS): Apenas alguns grupos ficam isolados. Pessoas com menos de 60 anos e sem condi\u00e7\u00f5es que elevam o risco de casos graves poder\u00e3o circular livremente.<\/li><li>As cidades que n\u00e3o apresentarem mais de 50% dos leitos vagos, entre outros crit\u00e9rios m\u00e9dicos, dever\u00e3o manter o Distanciamento Social Ampliado at\u00e9 a estabiliza\u00e7\u00e3o do sistema de sa\u00fade.<\/li><\/ul>\n\n\n\n<p>&#8220;Hoje publicamos informa\u00e7\u00f5es sobre o Distanciamento Social Ampliado, Distanciamento Social Seletivo, e Bloqueio Total (lockdown). As medidas s\u00e3o tempor\u00e1rias, localizadas e o governo federal est\u00e1 fazendo de tudo para que elas sejam minimizadas ao m\u00e1ximo poss\u00edvel&#8221;, disse nesta segunda-feira Wanderson Oliveira, secret\u00e1rio de vigil\u00e2ncia em sa\u00fade do minist\u00e9rio, em entrevista a jornalistas.<\/p>\n\n\n\n<p><strong>Situa\u00e7\u00e3o no Brasil<\/strong><\/p>\n\n\n\n<p>O \u00faltimo balan\u00e7o dos casos de Covid-19 divulgados pelo Minist\u00e9rio da Sa\u00fade aponta:<\/p>\n\n\n\n<ul class=\"wp-block-list\"><li>553 mortes<\/li><li>12.056 casos confirmados<\/li><li>4,6% \u00e9 a taxa de letalidade<\/li><\/ul>\n\n\n\n<p>No domingo (5), havia 486 mortes e 11.130 casos confirmados. Em rela\u00e7\u00e3o ao balan\u00e7o anterior, foram acrescentadas 67 mortes e 926 casos confirmados.<\/p>\n","protected":false},"excerpt":{"rendered":"<p>O Minist\u00e9rio da Sa\u00fade prop\u00f5e reduzir parcialmente o isolamento em cidades e estados com metade dos leitos e estrutura de sa\u00fade vagos. A medida, de&hellip; <\/p>\n","protected":false},"author":2,"featured_media":162563,"comment_status":"closed","ping_status":"closed","sticky":false,"template":"","format":"standard","meta":{"sfsi_plus_gutenberg_text_before_share":"","sfsi_plus_gutenberg_show_text_before_share":"","sfsi_plus_gutenberg_icon_type":"","sfsi_plus_gutenberg_icon_alignemt":"","sfsi_plus_gutenburg_max_per_row":"","footnotes":""},"categories":[16],"tags":[],"class_list":["post-162562","post","type-post","status-publish","format-standard","has-post-thumbnail","hentry","category-saude"],"_links":{"self":[{"href":"https:\/\/www.caririemacao.com\/1\/wp-json\/wp\/v2\/posts\/162562","targetHints":{"allow":["GET"]}}],"collection":[{"href":"https:\/\/www.caririemacao.com\/1\/wp-json\/wp\/v2\/posts"}],"about":[{"href":"https:\/\/www.caririemacao.com\/1\/wp-json\/wp\/v2\/types\/post"}],"author":[{"embeddable":true,"href":"https:\/\/www.caririemacao.com\/1\/wp-json\/wp\/v2\/users\/2"}],"replies":[{"embeddable":true,"href":"https:\/\/www.caririemacao.com\/1\/wp-json\/wp\/v2\/comments?post=162562"}],"version-history":[{"count":1,"href":"https:\/\/www.caririemacao.com\/1\/wp-json\/wp\/v2\/posts\/162562\/revisions"}],"predecessor-version":[{"id":162564,"href":"https:\/\/www.caririemacao.com\/1\/wp-json\/wp\/v2\/posts\/162562\/revisions\/162564"}],"wp:featuredmedia":[{"embeddable":true,"href":"https:\/\/www.caririemacao.com\/1\/wp-json\/wp\/v2\/media\/162563"}],"wp:attachment":[{"href":"https:\/\/www.caririemacao.com\/1\/wp-json\/wp\/v2\/media?parent=162562"}],"wp:term":[{"taxonomy":"category","embeddable":true,"href":"https:\/\/www.caririemacao.com\/1\/wp-json\/wp\/v2\/categories?post=162562"},{"taxonomy":"post_tag","embeddable":true,"href":"https:\/\/www.caririemacao.com\/1\/wp-json\/wp\/v2\/tags?post=162562"}],"curies":[{"name":"wp","href":"https:\/\/api.w.org\/{rel}","templated":true}]}}