{"id":162566,"date":"2020-04-07T06:52:24","date_gmt":"2020-04-07T09:52:24","guid":{"rendered":"http:\/\/www.caririemacao.com\/1\/?p=162566"},"modified":"2020-04-07T06:52:25","modified_gmt":"2020-04-07T09:52:25","slug":"barroso-elogia-mandetta-e-diz-ser-contra-adiar-eleicoes-para-2022","status":"publish","type":"post","link":"https:\/\/www.caririemacao.com\/1\/2020\/04\/07\/barroso-elogia-mandetta-e-diz-ser-contra-adiar-eleicoes-para-2022\/","title":{"rendered":"Barroso elogia Mandetta e diz ser contra adiar elei\u00e7\u00f5es para 2022"},"content":{"rendered":"\n<p>O ministro do Supremo Tribunal Federal (STF), Lu\u00eds Roberto Barroso, elogiou a performance do ministro da Sa\u00fade, Henrique Mandetta, diante da crise criada pela pandemia do novo coronav\u00edrus no&nbsp; Brasil, e disse ser contra as propostas que preveem adiar as elei\u00e7\u00f5es municipais de 2020 para 2022. As declara\u00e7\u00f5es foram dadas em entrevista ao portal UOL nesta segunda-feira.<br><\/p>\n\n\n\n<p>Barroso disse que \u00e9 preciso fazer &#8220;justi\u00e7a&#8221; em rela\u00e7\u00e3o \u00e0 condu\u00e7\u00e3o de Mandetta a frente da crise. Segundo o ministro, o Brasil est\u00e1 reagindo &#8220;razoavelmente bem&#8221; \u00e0 pandemia.<\/p>\n\n\n\n<p>\u2014 Justi\u00e7a seja feita, voc\u00ea tem um ministro da Sa\u00fade que tem conduzido com grande efici\u00eancia, dedica\u00e7\u00e3o e com base na melhor ci\u00eancia que existe. E acho que apesar de tudo, o Brasil est\u00e1 reagindo razoavelmente bem \u00e0 pandemia dentro das nossas circunst\u00e2ncias \u2014 afirmou Barroso.<\/p>\n\n\n\n<p>Questionado sobre a manifesta\u00e7\u00e3o de que o presidente Jair Bolsonaro pudesse editar um decreto determinando a abertura do com\u00e9rcio em algumas cidades contrariando a determina\u00e7\u00e3o de governadores estaduais, Barroso disse esperar que o presidente n\u00e3o tome essa decis\u00e3o.<\/p>\n\n\n\n<p>\u2014 Eu tenho a expectativa de que&nbsp; presidente ou\u00e7a a \u00e1rea cient\u00edfica e t\u00e9cnica do seu pr\u00f3prio governo e n\u00e3o expe\u00e7a um decreto neste sentido. Contraria todas as diretrizes mundiais. Pa\u00edses como a It\u00e1lia e a Espanha, que n\u00e3o tomaram essas provid\u00eancias dr\u00e1sticas no in\u00edcio, sofreram dram\u00e1ticas consequ\u00eancias \u2014 disse Barroso.<\/p>\n\n\n\n<p>Barroso ser\u00e1 o presidente do Tribunal Superior Eleitoral (TSE) durante as elei\u00e7\u00f5es deste ano. H\u00e1 o temor de que, diante do avan\u00e7o da epidemia, as elei\u00e7\u00f5es n\u00e3o possam ser realizadas, uma vez que elas geram aglomera\u00e7\u00f5es e poderiam causar a infec\u00e7\u00e3o de milhares de pessoas.<\/p>\n\n\n\n<p>Tamb\u00e9m existe o temor de que, em meio ao crescimento no n\u00famero de casos, os testes com as urnas eletr\u00f4nicas feitos antes do pleito n\u00e3o possam ser realizados, o que inviabilizaria a realiza\u00e7\u00e3o das elei\u00e7\u00f5es.&nbsp;<\/p>\n\n\n\n<p>Questionado sobre o impacto da pandemia no calend\u00e1rio eleitoral de 2020, Barroso disse que o TSE monitora o avan\u00e7o da epidemia e que vai aguardar at\u00e9 junho para que uma decis\u00e3o seja tomada.<\/p>\n\n\n\n<p>\u2014 Eu imaginaria junho como sendo o momento em que teremos que ter uma defini\u00e7\u00e3o.&nbsp; N\u00e3o apenas por causa das conven\u00e7\u00f5es partid\u00e1rias e do in\u00edcio da campanha, mas porque a Justi\u00e7a Eleitoral tem que fazer teste das urnas \u2014 afirmou.<\/p>\n\n\n\n<p>Barroso defende que, se houver adiamento das elei\u00e7\u00f5es municipais, que elas seja pelo menor per\u00edodo de tempo poss\u00edvel e disse ser totalmente contra realiz\u00e1-las em 2022, juntamente com as elei\u00e7\u00f5es gerais. Ele disse que isso seria uma &#8220;fraude&#8221; \u00e0 decis\u00e3o dos eleitores em 2016 que deram mandatos de apenas quatro anos para os eleitos.<\/p>\n\n\n\n<p>\u2014 Sou radicalmente contra \u00e9 cancelamento das elei\u00e7\u00f5es e esta proposta de faz\u00ea-las coincidir em 2022. A\u00ed temos um problema grave. O eleitor deu um mandato de 4 anos, portanto, prorrogar isso frauda o comando e a vontade que o eleitor manifestou. Al\u00e9m do qu\u00ea, eu acho uma p\u00e9ssima ideia coincidir elei\u00e7\u00f5es municipais com elei\u00e7\u00f5es nacionais. As pautas s\u00e3o diferentes \u2014 disse o ministro.&nbsp;<\/p>\n","protected":false},"excerpt":{"rendered":"<p>O ministro do Supremo Tribunal Federal (STF), Lu\u00eds Roberto Barroso, elogiou a performance do ministro da Sa\u00fade, Henrique Mandetta, diante da crise criada pela pandemia&hellip; <\/p>\n","protected":false},"author":2,"featured_media":69919,"comment_status":"closed","ping_status":"closed","sticky":false,"template":"","format":"standard","meta":{"sfsi_plus_gutenberg_text_before_share":"","sfsi_plus_gutenberg_show_text_before_share":"","sfsi_plus_gutenberg_icon_type":"","sfsi_plus_gutenberg_icon_alignemt":"","sfsi_plus_gutenburg_max_per_row":"","footnotes":""},"categories":[11],"tags":[],"class_list":["post-162566","post","type-post","status-publish","format-standard","has-post-thumbnail","hentry","category-politica"],"_links":{"self":[{"href":"https:\/\/www.caririemacao.com\/1\/wp-json\/wp\/v2\/posts\/162566","targetHints":{"allow":["GET"]}}],"collection":[{"href":"https:\/\/www.caririemacao.com\/1\/wp-json\/wp\/v2\/posts"}],"about":[{"href":"https:\/\/www.caririemacao.com\/1\/wp-json\/wp\/v2\/types\/post"}],"author":[{"embeddable":true,"href":"https:\/\/www.caririemacao.com\/1\/wp-json\/wp\/v2\/users\/2"}],"replies":[{"embeddable":true,"href":"https:\/\/www.caririemacao.com\/1\/wp-json\/wp\/v2\/comments?post=162566"}],"version-history":[{"count":1,"href":"https:\/\/www.caririemacao.com\/1\/wp-json\/wp\/v2\/posts\/162566\/revisions"}],"predecessor-version":[{"id":162567,"href":"https:\/\/www.caririemacao.com\/1\/wp-json\/wp\/v2\/posts\/162566\/revisions\/162567"}],"wp:featuredmedia":[{"embeddable":true,"href":"https:\/\/www.caririemacao.com\/1\/wp-json\/wp\/v2\/media\/69919"}],"wp:attachment":[{"href":"https:\/\/www.caririemacao.com\/1\/wp-json\/wp\/v2\/media?parent=162566"}],"wp:term":[{"taxonomy":"category","embeddable":true,"href":"https:\/\/www.caririemacao.com\/1\/wp-json\/wp\/v2\/categories?post=162566"},{"taxonomy":"post_tag","embeddable":true,"href":"https:\/\/www.caririemacao.com\/1\/wp-json\/wp\/v2\/tags?post=162566"}],"curies":[{"name":"wp","href":"https:\/\/api.w.org\/{rel}","templated":true}]}}