{"id":162576,"date":"2020-04-07T06:54:49","date_gmt":"2020-04-07T09:54:49","guid":{"rendered":"http:\/\/www.caririemacao.com\/1\/?p=162576"},"modified":"2020-04-07T06:54:50","modified_gmt":"2020-04-07T09:54:50","slug":"inmet-emite-alerta-para-chuvas-em-perigo-potencial-em-131-municipios-da-paraiba","status":"publish","type":"post","link":"https:\/\/www.caririemacao.com\/1\/2020\/04\/07\/inmet-emite-alerta-para-chuvas-em-perigo-potencial-em-131-municipios-da-paraiba\/","title":{"rendered":"Inmet emite alerta para chuvas em perigo potencial em 131 munic\u00edpios da Para\u00edba"},"content":{"rendered":"\n<p>O Instituto Nacional de Meteorologia (Inmet) divulgou nesta segunda-feira (06), um alerta de perigo potencial por chuvas intensas em 131&nbsp;munic\u00edpios da Para\u00edba. De acordo com o aviso, durante esta segunda&nbsp;at\u00e9 as 10h desta ter\u00e7a-feira (07), pode ocorrer chuva entre 20 e 30 mm\/h ou at\u00e9 50 mm\/dia.<\/p>\n\n\n\n<p>H\u00e1 baixo risco de alagamentos e pequenos deslizamentos, em cidades com tais \u00e1reas de risco.<\/p>\n\n\n\n<p>Mais informa\u00e7\u00f5es podem ser obtidas junto \u00e0 Defesa Civil (telefone 199) e ao Corpo de Bombeiros (telefone 193).<\/p>\n\n\n\n<p><strong>Confira os munic\u00edpios<\/strong><\/p>\n\n\n\n<ul class=\"wp-block-list\"><li>Aguiar<\/li><li>Amparo<\/li><li>Aparecida<\/li><li>Areia de Bara\u00fanas<\/li><li>Assun\u00e7\u00e3o<\/li><li>Bara\u00fana<\/li><li>Barra De Santa Rosa<\/li><li>Barra de S\u00e3o Miguel<\/li><li>Bel\u00e9m Do Brejo Do Cruz<\/li><li>Bernardino Batista<\/li><li>Boa Ventura<\/li><li>Boa Vista<\/li><li>Bom Jesus<\/li><li>Bom Sucesso<\/li><li>Bonito De Santa F\u00e9<\/li><li>Boqueir\u00e3o<\/li><li>Brejo Do Cruz<\/li><li>Brejo Dos Santos<\/li><li>Cabaceiras<\/li><li>Cachoeira Dos \u00cdndios<\/li><li>Cacimba De Areia<\/li><li>Cacimbas<\/li><li>Cajazeiras<\/li><li>Cajazeirinhas<\/li><li>Camala\u00fa<\/li><li>Cara\u00fabas<\/li><li>Carrapateira<\/li><li>Catingueira<\/li><li>Catol\u00e9 Do Rocha<\/li><li>Concei\u00e7\u00e3o<\/li><li>Condado<\/li><li>Congo<\/li><li>Coremas<\/li><li>Coxixola<\/li><li>Cubati<\/li><li>Cuit\u00e9<\/li><li>Curral Velho<\/li><li>Desterro<\/li><li>Diamante<\/li><li>Emas<\/li><li>Frei Martinho<\/li><li>Gurj\u00e3o<\/li><li>Ibiara<\/li><li>Igaracy<\/li><li>Imaculada<\/li><li>Itaporanga<\/li><li>Jeric\u00f3<\/li><li>Joca Claudino<\/li><li>Juazeirinho<\/li><li>Junco do Serid\u00f3<\/li><li>Juru<\/li><li>Lagoa<\/li><li>Lastro<\/li><li>Livramento<\/li><li>Malta<\/li><li>Mana\u00edra<\/li><li>Mariz\u00f3polis<\/li><li>Mato Grosso<\/li><li>Matur\u00e9ia<\/li><li>Monte Horebe<\/li><li>Monteiro<\/li><li>M\u00e3e D\u00b4\u00c1gua<\/li><li>Nazarezinho<\/li><li>Nova Floresta<\/li><li>Nova Olinda<\/li><li>Nova Palmeira<\/li><li>Olho D&#8217;\u00c1gua<\/li><li>Olivedos<\/li><li>Ouro Velho<\/li><li>Parari<\/li><li>Passagem<\/li><li>Patos<\/li><li>Paulista<\/li><li>Pedra Branca<\/li><li>Pedras Lavrada<\/li><li>Pianc\u00f3<\/li><li>Picu\u00ed<\/li><li>Pocinhos<\/li><li>Pombal<\/li><li>Po\u00e7o Dantas<\/li><li>Po\u00e7o De Jos\u00e9 De Moura<\/li><li>Prata<\/li><li>Princesa Isabel<\/li><li>Quixad\u00e1<\/li><li>Riacho Dos Cavalos<\/li><li>Salgadinho<\/li><li>Santa Cruz<\/li><li>Santa Helena<\/li><li>Santa In\u00eas<\/li><li>Santa Luzia<\/li><li>Santa Teresinha<\/li><li>Santana De Mangueira<\/li><li>Santana Dos Garrotes<\/li><li>Santo Andr\u00e9<\/li><li>Serra Branca<\/li><li>Serra Grande<\/li><li>Soledade<\/li><li>Sossego<\/li><li>Sousa<\/li><li>Sum\u00e9<\/li><li>S\u00e3o Bentinho<\/li><li>S\u00e3o Bento<\/li><li>S\u00e3o Domingos<\/li><li>S\u00e3o Domingos do Cariri<\/li><li>S\u00e3o Francisco<\/li><li>S\u00e3o Jos\u00e9 Da Lagoa Tapada<\/li><li>S\u00e3o Jos\u00e9 De Caiana<\/li><li>S\u00e3o Jos\u00e9 De Espinharas<\/li><li>S\u00e3o Jos\u00e9 De Piranhas<\/li><li>S\u00e3o Jos\u00e9 De Princesa<\/li><li>S\u00e3o Jos\u00e9 Do Bonfim<\/li><li>S\u00e3o Jos\u00e9 Do Brejo Do Cruz<\/li><li>S\u00e3o Jos\u00e9 do Sabugi<\/li><li>S\u00e3o Jos\u00e9 Dos Cordeiros<\/li><li>S\u00e3o Jo\u00e3o do Cariri<\/li><li>S\u00e3o Jo\u00e3o do Rio do Peixe<\/li><li>S\u00e3o Jo\u00e3o do Tigre<\/li><li>S\u00e3o Mamede<\/li><li>S\u00e3o Sebasti\u00e3o do Umbuzeiro<\/li><li>S\u00e3o Vicente do Serid\u00f3<\/li><li>Tapero\u00e1<\/li><li>Tavares<\/li><li>Teixeira<\/li><li>Ten\u00f3rio<\/li><li>Triunfo<\/li><li>Uira\u00fana<\/li><li>Vieir\u00f3polis<\/li><li>Vista Serrana<\/li><li>V\u00e1rzea<\/li><li>Zabel\u00ea<\/li><li>\u00c1gua Branca<\/li><\/ul>\n","protected":false},"excerpt":{"rendered":"<p>O Instituto Nacional de Meteorologia (Inmet) divulgou nesta segunda-feira (06), um alerta de perigo potencial por chuvas intensas em 131&nbsp;munic\u00edpios da Para\u00edba. De acordo com&hellip; <\/p>\n","protected":false},"author":2,"featured_media":161868,"comment_status":"closed","ping_status":"closed","sticky":false,"template":"","format":"standard","meta":{"sfsi_plus_gutenberg_text_before_share":"","sfsi_plus_gutenberg_show_text_before_share":"","sfsi_plus_gutenberg_icon_type":"","sfsi_plus_gutenberg_icon_alignemt":"","sfsi_plus_gutenburg_max_per_row":"","footnotes":""},"categories":[6],"tags":[],"class_list":["post-162576","post","type-post","status-publish","format-standard","has-post-thumbnail","hentry","category-cidades"],"_links":{"self":[{"href":"https:\/\/www.caririemacao.com\/1\/wp-json\/wp\/v2\/posts\/162576","targetHints":{"allow":["GET"]}}],"collection":[{"href":"https:\/\/www.caririemacao.com\/1\/wp-json\/wp\/v2\/posts"}],"about":[{"href":"https:\/\/www.caririemacao.com\/1\/wp-json\/wp\/v2\/types\/post"}],"author":[{"embeddable":true,"href":"https:\/\/www.caririemacao.com\/1\/wp-json\/wp\/v2\/users\/2"}],"replies":[{"embeddable":true,"href":"https:\/\/www.caririemacao.com\/1\/wp-json\/wp\/v2\/comments?post=162576"}],"version-history":[{"count":1,"href":"https:\/\/www.caririemacao.com\/1\/wp-json\/wp\/v2\/posts\/162576\/revisions"}],"predecessor-version":[{"id":162577,"href":"https:\/\/www.caririemacao.com\/1\/wp-json\/wp\/v2\/posts\/162576\/revisions\/162577"}],"wp:featuredmedia":[{"embeddable":true,"href":"https:\/\/www.caririemacao.com\/1\/wp-json\/wp\/v2\/media\/161868"}],"wp:attachment":[{"href":"https:\/\/www.caririemacao.com\/1\/wp-json\/wp\/v2\/media?parent=162576"}],"wp:term":[{"taxonomy":"category","embeddable":true,"href":"https:\/\/www.caririemacao.com\/1\/wp-json\/wp\/v2\/categories?post=162576"},{"taxonomy":"post_tag","embeddable":true,"href":"https:\/\/www.caririemacao.com\/1\/wp-json\/wp\/v2\/tags?post=162576"}],"curies":[{"name":"wp","href":"https:\/\/api.w.org\/{rel}","templated":true}]}}