{"id":162586,"date":"2020-04-07T07:00:50","date_gmt":"2020-04-07T10:00:50","guid":{"rendered":"http:\/\/www.caririemacao.com\/1\/?p=162586"},"modified":"2020-04-07T07:00:52","modified_gmt":"2020-04-07T10:00:52","slug":"especialistas-em-saude-pedem-que-fumantes-larguem-cigarro-devido-ao-covid-19","status":"publish","type":"post","link":"https:\/\/www.caririemacao.com\/1\/2020\/04\/07\/especialistas-em-saude-pedem-que-fumantes-larguem-cigarro-devido-ao-covid-19\/","title":{"rendered":"Especialistas em sa\u00fade pedem que fumantes larguem cigarro devido ao covid-19"},"content":{"rendered":"\n<p>Especialistas da \u00e1rea de Sa\u00fade pediram nesta segunda-feira (6) que fumantes deixem o cigarro e que as empresas do mercado de tabaco parem de produzir e vender para ajudar a diminuir os riscos do novo coronav\u00edrus.<\/p>\n\n\n\n<p>&#8220;A melhor coisa que a ind\u00fastria do tabaco pode fazer para combater a covid-19 \u00e9 parar imediatamente de produzir, comercializar e vender tabaco&#8221;, disse Gan Quan, especialista em sa\u00fade p\u00fablica e diretor da Uni\u00e3o Internacional Contra Tuberculose e Doen\u00e7a Pulmonar, em um comunicado.<\/p>\n\n\n\n<p>O grupo, que une especialistas internacionais em respira\u00e7\u00e3o e pulm\u00f5es e ag\u00eancias de sa\u00fade, disse estar &#8220;profundamente preocupado&#8221; com o impacto da covid-19 nos 1,3 bilh\u00e3o de fumantes do mundo, em particular nos pa\u00edses mais pobres cujos sistemas de sa\u00fade j\u00e1 est\u00e3o sobrecarregados.&nbsp;<\/p>\n\n\n\n<p>Sabe-se que fumar enfraquece o sistema imunol\u00f3gico, tornando-o menos capaz de responder efetivamente a infec\u00e7\u00f5es. Os fumantes tamb\u00e9m podem j\u00e1 ter doen\u00e7a pulmonar ou capacidade pulmonar reduzida, o que aumentaria bastante o risco de doen\u00e7a grave.<\/p>\n\n\n\n<p>Quan disse que os governos em todo o mundo t\u00eam um &#8220;imperativo moral&#8221; para aconselhar os fumantes a parar. &#8220;Este \u00e9 o melhor momento para parar de fumar&#8221;, disse Quan. A declara\u00e7\u00e3o citou evid\u00eancias emergentes de estudos preliminares de pacientes com covid-19 na China e em outros lugares que sugerem que os fumantes infectados com o novo coronav\u00edrus ficam mais gravemente doentes e sofrem complica\u00e7\u00f5es mais graves, como dificuldades respirat\u00f3rias.<\/p>\n","protected":false},"excerpt":{"rendered":"<p>Especialistas da \u00e1rea de Sa\u00fade pediram nesta segunda-feira (6) que fumantes deixem o cigarro e que as empresas do mercado de tabaco parem de produzir&hellip; <\/p>\n","protected":false},"author":2,"featured_media":162587,"comment_status":"closed","ping_status":"closed","sticky":false,"template":"","format":"standard","meta":{"sfsi_plus_gutenberg_text_before_share":"","sfsi_plus_gutenberg_show_text_before_share":"","sfsi_plus_gutenberg_icon_type":"","sfsi_plus_gutenberg_icon_alignemt":"","sfsi_plus_gutenburg_max_per_row":"","footnotes":""},"categories":[50,16],"tags":[],"class_list":["post-162586","post","type-post","status-publish","format-standard","has-post-thumbnail","hentry","category-destaque","category-saude"],"_links":{"self":[{"href":"https:\/\/www.caririemacao.com\/1\/wp-json\/wp\/v2\/posts\/162586","targetHints":{"allow":["GET"]}}],"collection":[{"href":"https:\/\/www.caririemacao.com\/1\/wp-json\/wp\/v2\/posts"}],"about":[{"href":"https:\/\/www.caririemacao.com\/1\/wp-json\/wp\/v2\/types\/post"}],"author":[{"embeddable":true,"href":"https:\/\/www.caririemacao.com\/1\/wp-json\/wp\/v2\/users\/2"}],"replies":[{"embeddable":true,"href":"https:\/\/www.caririemacao.com\/1\/wp-json\/wp\/v2\/comments?post=162586"}],"version-history":[{"count":1,"href":"https:\/\/www.caririemacao.com\/1\/wp-json\/wp\/v2\/posts\/162586\/revisions"}],"predecessor-version":[{"id":162588,"href":"https:\/\/www.caririemacao.com\/1\/wp-json\/wp\/v2\/posts\/162586\/revisions\/162588"}],"wp:featuredmedia":[{"embeddable":true,"href":"https:\/\/www.caririemacao.com\/1\/wp-json\/wp\/v2\/media\/162587"}],"wp:attachment":[{"href":"https:\/\/www.caririemacao.com\/1\/wp-json\/wp\/v2\/media?parent=162586"}],"wp:term":[{"taxonomy":"category","embeddable":true,"href":"https:\/\/www.caririemacao.com\/1\/wp-json\/wp\/v2\/categories?post=162586"},{"taxonomy":"post_tag","embeddable":true,"href":"https:\/\/www.caririemacao.com\/1\/wp-json\/wp\/v2\/tags?post=162586"}],"curies":[{"name":"wp","href":"https:\/\/api.w.org\/{rel}","templated":true}]}}