{"id":162591,"date":"2020-04-07T07:01:51","date_gmt":"2020-04-07T10:01:51","guid":{"rendered":"http:\/\/www.caririemacao.com\/1\/?p=162591"},"modified":"2020-04-07T07:01:54","modified_gmt":"2020-04-07T10:01:54","slug":"testes-rapidos-para-deteccao-do-coronavirus-comecam-a-ser-distribuidos-na-paraiba","status":"publish","type":"post","link":"https:\/\/www.caririemacao.com\/1\/2020\/04\/07\/testes-rapidos-para-deteccao-do-coronavirus-comecam-a-ser-distribuidos-na-paraiba\/","title":{"rendered":"Testes r\u00e1pidos para detec\u00e7\u00e3o do Coronav\u00edrus come\u00e7am a ser distribu\u00eddos na Para\u00edba"},"content":{"rendered":"\n<p>Nesta segunda-feira (06), come\u00e7am a ser distribu\u00eddos, na Para\u00edba,&nbsp;os testes r\u00e1pidos para detectar o novo coronav\u00edrus. A Secretaria Estadual de Sa\u00fade informou que recebeu 8.870 testes do Governo Federal, e est\u00e3o&nbsp;sendo distribu\u00eddos pelos munic\u00edpios.&nbsp;<\/p>\n\n\n\n<p>A prioridade&nbsp;<a href=\"https:\/\/www.clickpb.com.br\/paraiba\/profissionais-da-saude-com-sintomas-do-coronavirus-vao-fazer-testes-rapidos-na-paraiba-281437.html\">nos exames s\u00e3o dos trabalhadores de sa\u00fade com suspeitas de Covid-19<\/a>. Os testes&nbsp;identifica com mais agilidade a contamina\u00e7\u00e3o ou n\u00e3o pelo v\u00edrus e pode confirmar&nbsp;em 15 minutos.<\/p>\n\n\n\n<p>Os profissionais que apresentem os sintomas&nbsp;desde a \u00faltima ter\u00e7a-feira (31), devem&nbsp;se cadastrar por meio de um formul\u00e1rio, que ser\u00e1 disponibilizado no site da Secretaria de Sa\u00fade, a partir deste s\u00e1bado (4). A secretaria vai, portanto, avaliar os sintomas e indicar quem deve realizar o teste.<\/p>\n\n\n\n<p>Al\u00e9m dos profissionais, as equipes de seguran\u00e7a tamb\u00e9m ter\u00e3o acesso&nbsp;aos primeiros testes r\u00e1pidos, tamb\u00e9m para garantir a capacidade de resposta deles ao combate do coronav\u00edrus.<\/p>\n\n\n\n<p>Os testes r\u00e1pidos funcionam diferente do&nbsp;m\u00e9todo laboratorial. Primeiro \u00e9 realizado uma&nbsp;coleta de uma amostra de sangue, semelhante ao teste de glicemia. Ap\u00f3s retirada do sangue, ele \u00e9 coletado com um pipeta e colocado em uma plataforma de pl\u00e1stico. Se aparecerem dois tra\u00e7os, o resultado \u00e9 positivo para Covid-19.<\/p>\n","protected":false},"excerpt":{"rendered":"<p>Nesta segunda-feira (06), come\u00e7am a ser distribu\u00eddos, na Para\u00edba,&nbsp;os testes r\u00e1pidos para detectar o novo coronav\u00edrus. A Secretaria Estadual de Sa\u00fade informou que recebeu 8.870&hellip; <\/p>\n","protected":false},"author":2,"featured_media":162592,"comment_status":"closed","ping_status":"closed","sticky":false,"template":"","format":"standard","meta":{"sfsi_plus_gutenberg_text_before_share":"","sfsi_plus_gutenberg_show_text_before_share":"","sfsi_plus_gutenberg_icon_type":"","sfsi_plus_gutenberg_icon_alignemt":"","sfsi_plus_gutenburg_max_per_row":"","footnotes":""},"categories":[6],"tags":[],"class_list":["post-162591","post","type-post","status-publish","format-standard","has-post-thumbnail","hentry","category-cidades"],"_links":{"self":[{"href":"https:\/\/www.caririemacao.com\/1\/wp-json\/wp\/v2\/posts\/162591","targetHints":{"allow":["GET"]}}],"collection":[{"href":"https:\/\/www.caririemacao.com\/1\/wp-json\/wp\/v2\/posts"}],"about":[{"href":"https:\/\/www.caririemacao.com\/1\/wp-json\/wp\/v2\/types\/post"}],"author":[{"embeddable":true,"href":"https:\/\/www.caririemacao.com\/1\/wp-json\/wp\/v2\/users\/2"}],"replies":[{"embeddable":true,"href":"https:\/\/www.caririemacao.com\/1\/wp-json\/wp\/v2\/comments?post=162591"}],"version-history":[{"count":1,"href":"https:\/\/www.caririemacao.com\/1\/wp-json\/wp\/v2\/posts\/162591\/revisions"}],"predecessor-version":[{"id":162593,"href":"https:\/\/www.caririemacao.com\/1\/wp-json\/wp\/v2\/posts\/162591\/revisions\/162593"}],"wp:featuredmedia":[{"embeddable":true,"href":"https:\/\/www.caririemacao.com\/1\/wp-json\/wp\/v2\/media\/162592"}],"wp:attachment":[{"href":"https:\/\/www.caririemacao.com\/1\/wp-json\/wp\/v2\/media?parent=162591"}],"wp:term":[{"taxonomy":"category","embeddable":true,"href":"https:\/\/www.caririemacao.com\/1\/wp-json\/wp\/v2\/categories?post=162591"},{"taxonomy":"post_tag","embeddable":true,"href":"https:\/\/www.caririemacao.com\/1\/wp-json\/wp\/v2\/tags?post=162591"}],"curies":[{"name":"wp","href":"https:\/\/api.w.org\/{rel}","templated":true}]}}