{"id":162601,"date":"2020-04-07T07:05:28","date_gmt":"2020-04-07T10:05:28","guid":{"rendered":"http:\/\/www.caririemacao.com\/1\/?p=162601"},"modified":"2020-04-07T07:05:30","modified_gmt":"2020-04-07T10:05:30","slug":"mourao-diz-que-henrique-mandetta-permanece-no-ministerio-da-saude","status":"publish","type":"post","link":"https:\/\/www.caririemacao.com\/1\/2020\/04\/07\/mourao-diz-que-henrique-mandetta-permanece-no-ministerio-da-saude\/","title":{"rendered":"Mour\u00e3o diz que Henrique Mandetta permanece no Minist\u00e9rio da Sa\u00fade"},"content":{"rendered":"\n<p>O vice-presidente da Rep\u00fablica, Hamilton Mour\u00e3o, disse em entrevista \u00e0 Globo News, na noite desta segunda-feira (06), que o ministro da Sa\u00fade, Henrique Mandetta, permanece no cargo.<\/p>\n\n\n\n<p>Mandetta chegou a ter demiss\u00e3o praticamente selada na tarde de hoje, fruto de desgaste com o presidente Jair Bolsonaro, contr\u00e1rio as recomenda\u00e7\u00f5es das autoridades de Sa\u00fade no combate ao novo coronav\u00edrus.<\/p>\n\n\n\n<p>\u201cMandetta segue no combate, ele fica. Tratamentos de cen\u00e1rios, como a flexibiliza\u00e7\u00e3o do isolamento, no futuro\u201d, disse Mour\u00e3o.<\/p>\n\n\n\n<p><strong>MaisPB<\/strong><\/p>\n","protected":false},"excerpt":{"rendered":"<p>O vice-presidente da Rep\u00fablica, Hamilton Mour\u00e3o, disse em entrevista \u00e0 Globo News, na noite desta segunda-feira (06), que o ministro da Sa\u00fade, Henrique Mandetta, permanece&hellip; <\/p>\n","protected":false},"author":2,"featured_media":157126,"comment_status":"closed","ping_status":"closed","sticky":false,"template":"","format":"standard","meta":{"sfsi_plus_gutenberg_text_before_share":"","sfsi_plus_gutenberg_show_text_before_share":"","sfsi_plus_gutenberg_icon_type":"","sfsi_plus_gutenberg_icon_alignemt":"","sfsi_plus_gutenburg_max_per_row":"","footnotes":""},"categories":[11],"tags":[],"class_list":["post-162601","post","type-post","status-publish","format-standard","has-post-thumbnail","hentry","category-politica"],"_links":{"self":[{"href":"https:\/\/www.caririemacao.com\/1\/wp-json\/wp\/v2\/posts\/162601","targetHints":{"allow":["GET"]}}],"collection":[{"href":"https:\/\/www.caririemacao.com\/1\/wp-json\/wp\/v2\/posts"}],"about":[{"href":"https:\/\/www.caririemacao.com\/1\/wp-json\/wp\/v2\/types\/post"}],"author":[{"embeddable":true,"href":"https:\/\/www.caririemacao.com\/1\/wp-json\/wp\/v2\/users\/2"}],"replies":[{"embeddable":true,"href":"https:\/\/www.caririemacao.com\/1\/wp-json\/wp\/v2\/comments?post=162601"}],"version-history":[{"count":1,"href":"https:\/\/www.caririemacao.com\/1\/wp-json\/wp\/v2\/posts\/162601\/revisions"}],"predecessor-version":[{"id":162603,"href":"https:\/\/www.caririemacao.com\/1\/wp-json\/wp\/v2\/posts\/162601\/revisions\/162603"}],"wp:featuredmedia":[{"embeddable":true,"href":"https:\/\/www.caririemacao.com\/1\/wp-json\/wp\/v2\/media\/157126"}],"wp:attachment":[{"href":"https:\/\/www.caririemacao.com\/1\/wp-json\/wp\/v2\/media?parent=162601"}],"wp:term":[{"taxonomy":"category","embeddable":true,"href":"https:\/\/www.caririemacao.com\/1\/wp-json\/wp\/v2\/categories?post=162601"},{"taxonomy":"post_tag","embeddable":true,"href":"https:\/\/www.caririemacao.com\/1\/wp-json\/wp\/v2\/tags?post=162601"}],"curies":[{"name":"wp","href":"https:\/\/api.w.org\/{rel}","templated":true}]}}