{"id":162612,"date":"2020-04-07T07:23:26","date_gmt":"2020-04-07T10:23:26","guid":{"rendered":"http:\/\/www.caririemacao.com\/1\/?p=162612"},"modified":"2020-04-07T07:23:28","modified_gmt":"2020-04-07T10:23:28","slug":"seis-municipios-do-cariri-sao-contemplados-com-contratos-em-domicilio-pelo-programa-empreender-pb","status":"publish","type":"post","link":"https:\/\/www.caririemacao.com\/1\/2020\/04\/07\/seis-municipios-do-cariri-sao-contemplados-com-contratos-em-domicilio-pelo-programa-empreender-pb\/","title":{"rendered":"Seis munic\u00edpios do Cariri s\u00e3o contemplados com contratos em domic\u00edlio pelo programa Empreender PB"},"content":{"rendered":"\n<p>Programa Empreender PB realiza, nesta semana (6 a 10 de abril), 363 assinaturas de contratos em domic\u00edlio em um investimento de R$2.566.654,32 para empreendedores de 29 munic\u00edpios do estado que desejam iniciar um neg\u00f3cio ou ampliar um j\u00e1 existente. Dentre as assinaturas, 24 contratos ser\u00e3o destinados para pessoas com defici\u00eancia.<\/p>\n\n\n\n<p>A medida econ\u00f4mica foi anunciada pelo governador Jo\u00e3o Azev\u00eado, na \u00faltima quinta-feira (2) e visa auxiliar os microempreendedores que enfrentam dificuldades pela falta de gera\u00e7\u00e3o de renda devido ao isolamento social provocado pela pandemia do coronav\u00edrus.<\/p>\n\n\n\n<p>Todos os empreendedores com o processo em&nbsp;fase de contrata\u00e7\u00e3o&nbsp;no Programa ser\u00e3o contatados por telefone para agendamento da visita em domic\u00edlio, respeitando a ordem de inscri\u00e7\u00e3o. A equipe alerta que todos estejam com seus telefones dispon\u00edveis e permane\u00e7am em suas casas, at\u00e9 a visita do t\u00e9cnico.<\/p>\n\n\n\n<p>De acordo com o secret\u00e1rio executivo de empreendedorismo, Fabr\u00edcio Feitosa, toda a equipe do Programa est\u00e1 tomando os devidos cuidados atrav\u00e9s das orienta\u00e7\u00f5es repassadas pela Secretaria de Sa\u00fade.<\/p>\n\n\n\n<p>\u201cO Empreender PB far\u00e1 essa coleta das assinaturas de contratos nas casas dos nossos clientes e na medida de assegurar a prote\u00e7\u00e3o a todos, passamos por uma capacita\u00e7\u00e3o da Secretaria de Sa\u00fade onde nos foi informado os procedimentos que precisamos implementar em rela\u00e7\u00e3o ao uso de m\u00e1scaras, distanciamento dos proponentes, de orient\u00e1-los a utilizarem suas pr\u00f3prias canetas no ato da assinatura, entre outros cuidados. Estamos tomando todas as precau\u00e7\u00f5es para manter o atendimento do Programa respeitando as regras de seguran\u00e7a\u201d.<\/p>\n\n\n\n<p>Os empreendedores podem verificar se seu processo est\u00e1 apto para a assinatura de contrato atrav\u00e9s do site www.empreenderpb.pb.gov.br\/assinatura-de-contratos.<\/p>\n\n\n\n<p>Lista dos munic\u00edpios que ser\u00e3o atendidos:<\/p>\n\n\n\n<p><strong>Barra de S\u00e3o Miguel<\/strong><\/p>\n\n\n\n<p>Natuba<\/p>\n\n\n\n<p><strong>Riacho de Santo Ant\u00f4nio<\/strong><\/p>\n\n\n\n<p>Umbuzeiro<\/p>\n\n\n\n<p>Campina Grande<\/p>\n\n\n\n<p>Pocinhos<\/p>\n\n\n\n<p><strong>Tapero\u00e1<\/strong><\/p>\n\n\n\n<p>Juazeirinho<\/p>\n\n\n\n<p><strong>Assun\u00e7\u00e3o<\/strong><\/p>\n\n\n\n<p><strong>Alcantil<\/strong><\/p>\n\n\n\n<p>Algod\u00e3o de Janda\u00edra<\/p>\n\n\n\n<p>Alagoa Nova<\/p>\n\n\n\n<p>Santa Cec\u00edlia<\/p>\n\n\n\n<p>Aroeiras<\/p>\n\n\n\n<p><strong>Boqueir\u00e3o<\/strong><\/p>\n\n\n\n<p>Esperan\u00e7a<\/p>\n\n\n\n<p>Rem\u00edgio<\/p>\n\n\n\n<p>Lagoa seca<\/p>\n\n\n\n<p>Pilar<\/p>\n\n\n\n<p>Ing\u00e1<\/p>\n\n\n\n<p>Itabaiana<\/p>\n\n\n\n<p>S\u00e3o Jos\u00e9 dos Ramos<\/p>\n\n\n\n<p>S\u00e3o Miguel de Taipu<\/p>\n\n\n\n<p>Riach\u00e3o do Bacamarte<\/p>\n\n\n\n<p>Pedras de Fogo<\/p>\n\n\n\n<p>Salgado de S\u00e3o F\u00e9lix<\/p>\n\n\n\n<p>Juripiranga<\/p>\n\n\n\n<p>Serra Redonda<\/p>\n\n\n\n<p>Caldas Brand\u00e3o<\/p>\n","protected":false},"excerpt":{"rendered":"<p>Programa Empreender PB realiza, nesta semana (6 a 10 de abril), 363 assinaturas de contratos em domic\u00edlio em um investimento de R$2.566.654,32 para empreendedores de&hellip; <\/p>\n","protected":false},"author":2,"featured_media":162613,"comment_status":"closed","ping_status":"closed","sticky":false,"template":"","format":"standard","meta":{"sfsi_plus_gutenberg_text_before_share":"","sfsi_plus_gutenberg_show_text_before_share":"","sfsi_plus_gutenberg_icon_type":"","sfsi_plus_gutenberg_icon_alignemt":"","sfsi_plus_gutenburg_max_per_row":"","footnotes":""},"categories":[2],"tags":[],"class_list":["post-162612","post","type-post","status-publish","format-standard","has-post-thumbnail","hentry","category-geral"],"_links":{"self":[{"href":"https:\/\/www.caririemacao.com\/1\/wp-json\/wp\/v2\/posts\/162612","targetHints":{"allow":["GET"]}}],"collection":[{"href":"https:\/\/www.caririemacao.com\/1\/wp-json\/wp\/v2\/posts"}],"about":[{"href":"https:\/\/www.caririemacao.com\/1\/wp-json\/wp\/v2\/types\/post"}],"author":[{"embeddable":true,"href":"https:\/\/www.caririemacao.com\/1\/wp-json\/wp\/v2\/users\/2"}],"replies":[{"embeddable":true,"href":"https:\/\/www.caririemacao.com\/1\/wp-json\/wp\/v2\/comments?post=162612"}],"version-history":[{"count":1,"href":"https:\/\/www.caririemacao.com\/1\/wp-json\/wp\/v2\/posts\/162612\/revisions"}],"predecessor-version":[{"id":162614,"href":"https:\/\/www.caririemacao.com\/1\/wp-json\/wp\/v2\/posts\/162612\/revisions\/162614"}],"wp:featuredmedia":[{"embeddable":true,"href":"https:\/\/www.caririemacao.com\/1\/wp-json\/wp\/v2\/media\/162613"}],"wp:attachment":[{"href":"https:\/\/www.caririemacao.com\/1\/wp-json\/wp\/v2\/media?parent=162612"}],"wp:term":[{"taxonomy":"category","embeddable":true,"href":"https:\/\/www.caririemacao.com\/1\/wp-json\/wp\/v2\/categories?post=162612"},{"taxonomy":"post_tag","embeddable":true,"href":"https:\/\/www.caririemacao.com\/1\/wp-json\/wp\/v2\/tags?post=162612"}],"curies":[{"name":"wp","href":"https:\/\/api.w.org\/{rel}","templated":true}]}}