{"id":162619,"date":"2020-04-07T07:28:09","date_gmt":"2020-04-07T10:28:09","guid":{"rendered":"http:\/\/www.caririemacao.com\/1\/?p=162619"},"modified":"2020-04-07T07:28:11","modified_gmt":"2020-04-07T10:28:11","slug":"saude-de-monteiro-reforca-orientacoes-de-prevencao-sobre-a-dengue-zika-e-chikungunya","status":"publish","type":"post","link":"https:\/\/www.caririemacao.com\/1\/2020\/04\/07\/saude-de-monteiro-reforca-orientacoes-de-prevencao-sobre-a-dengue-zika-e-chikungunya\/","title":{"rendered":"Sa\u00fade de Monteiro refor\u00e7a orienta\u00e7\u00f5es de preven\u00e7\u00e3o sobre a Dengue, Zika e Chikungunya"},"content":{"rendered":"\n<p>\u00a0A Secretaria de Sa\u00fade de Monteiro vem se desdobrando em um trabalho incans\u00e1vel para colocar em pr\u00e1tica todas as medidas necess\u00e1rias para a preven\u00e7\u00e3o da entrada do coronav\u00edrus, causador da pandemia de COVID-19 no munic\u00edpio.<\/p>\n\n\n\n<p>Para a execu\u00e7\u00e3o destas medidas, toda a equipe da secretaria e at\u00e9 mesmo da gest\u00e3o municipal como um todo est\u00e1 mobilizada, e todos os seus integrantes est\u00e3o cumprindo uma s\u00e9rie de tarefas necess\u00e1rias junto \u00e0 popula\u00e7\u00e3o.<\/p>\n\n\n\n<p>Mas, a Secretaria de Sa\u00fade n\u00e3o perde o foco de outras atribui\u00e7\u00f5es e de outras miss\u00f5es, t\u00e3o importantes quanto o combate \u00e0 pandemia.<\/p>\n\n\n\n<p>E uma destas miss\u00f5es, \u00e9 o alerta em rela\u00e7\u00e3o \u00e0 import\u00e2ncia da preven\u00e7\u00e3o de outro grande mal, que tem tend\u00eancia a nos amea\u00e7ar de forma mais efetiva exatamente no per\u00edodo de chuvas que estamos vivendo: o mosquito Aedes Aegipty.<\/p>\n\n\n\n<p>Para isso, a Secretaria de Sa\u00fade, atrav\u00e9s da Vigil\u00e2ncia Epidemiol\u00f3gica refor\u00e7a o alerta sobre as medidas de preven\u00e7\u00e3o, para impedir que o mosquito causador da Dengue, transmissor do Zika v\u00edrus e da Chikungunya possa de reproduzir e proliferar.<\/p>\n\n\n\n<p>\u201cParalelo \u00e0s medidas de preven\u00e7\u00e3o do coronav\u00edrus, continuamos nosso trabalho de preven\u00e7\u00e3o e de combate ao mosquito, com todas as a\u00e7\u00f5es que s\u00e3o protocolo, sendo colocadas em execu\u00e7\u00e3o\u201d, lembrou a secret\u00e1ria de Sa\u00fade Ana Paula.<\/p>\n\n\n\n<p>\u201cA mobiliza\u00e7\u00e3o da sociedade \u00e9 fundamental para vencer a luta contra o mosquito\u201d, completou.<strong>MEDIDAS DE PREVEN\u00c7\u00c3O CONTRA O MOSQUITO:<br><\/strong><br>Cuidados dentro das casas e apartamentos<br>\u2022 Tampe os ton\u00e9is e caixas d\u2019\u00e1gua;<br>\u2022 Mantenha as calhas sempre limpas;<br>\u2022 Deixe garrafas sempre viradas com a boca para baixo;<br>\u2022 Mantenha lixeiras bem tampadas;<br>\u2022 Deixe ralos limpos e com aplica\u00e7\u00e3o de tela;<br>\u2022 Limpe semanalmente ou preencha pratos de vasos de plantas com areia;<br>\u2022 Limpe com escova ou bucha os potes de \u00e1gua para animais;<br>\u2022 Retire \u00e1gua acumulada na \u00e1rea de servi\u00e7o, atr\u00e1s da m\u00e1quina de lavar roupa<\/p>\n\n\n\n<p>\u00c1rea externa de casas e condom\u00ednios<br>\u2022 Cubra e realize manuten\u00e7\u00e3o peri\u00f3dica de \u00e1reas de piscinas e de hidromassagem;<br>\u2022 Limpe ralos e canaletas externas;<br>\u2022 Aten\u00e7\u00e3o com brom\u00e9lia, babosa e outras plantas que podem acumular \u00e1gua;<br>\u2022 Deixe lonas usadas para cobrir objetos bem esticadas, para evitar forma\u00e7\u00e3o de po\u00e7as d\u2019\u00e1gua.<\/p>\n","protected":false},"excerpt":{"rendered":"<p>\u00a0A Secretaria de Sa\u00fade de Monteiro vem se desdobrando em um trabalho incans\u00e1vel para colocar em pr\u00e1tica todas as medidas necess\u00e1rias para a preven\u00e7\u00e3o da&hellip; <\/p>\n","protected":false},"author":2,"featured_media":162620,"comment_status":"closed","ping_status":"closed","sticky":false,"template":"","format":"standard","meta":{"sfsi_plus_gutenberg_text_before_share":"","sfsi_plus_gutenberg_show_text_before_share":"","sfsi_plus_gutenberg_icon_type":"","sfsi_plus_gutenberg_icon_alignemt":"","sfsi_plus_gutenburg_max_per_row":"","footnotes":""},"categories":[16],"tags":[],"class_list":["post-162619","post","type-post","status-publish","format-standard","has-post-thumbnail","hentry","category-saude"],"_links":{"self":[{"href":"https:\/\/www.caririemacao.com\/1\/wp-json\/wp\/v2\/posts\/162619","targetHints":{"allow":["GET"]}}],"collection":[{"href":"https:\/\/www.caririemacao.com\/1\/wp-json\/wp\/v2\/posts"}],"about":[{"href":"https:\/\/www.caririemacao.com\/1\/wp-json\/wp\/v2\/types\/post"}],"author":[{"embeddable":true,"href":"https:\/\/www.caririemacao.com\/1\/wp-json\/wp\/v2\/users\/2"}],"replies":[{"embeddable":true,"href":"https:\/\/www.caririemacao.com\/1\/wp-json\/wp\/v2\/comments?post=162619"}],"version-history":[{"count":1,"href":"https:\/\/www.caririemacao.com\/1\/wp-json\/wp\/v2\/posts\/162619\/revisions"}],"predecessor-version":[{"id":162621,"href":"https:\/\/www.caririemacao.com\/1\/wp-json\/wp\/v2\/posts\/162619\/revisions\/162621"}],"wp:featuredmedia":[{"embeddable":true,"href":"https:\/\/www.caririemacao.com\/1\/wp-json\/wp\/v2\/media\/162620"}],"wp:attachment":[{"href":"https:\/\/www.caririemacao.com\/1\/wp-json\/wp\/v2\/media?parent=162619"}],"wp:term":[{"taxonomy":"category","embeddable":true,"href":"https:\/\/www.caririemacao.com\/1\/wp-json\/wp\/v2\/categories?post=162619"},{"taxonomy":"post_tag","embeddable":true,"href":"https:\/\/www.caririemacao.com\/1\/wp-json\/wp\/v2\/tags?post=162619"}],"curies":[{"name":"wp","href":"https:\/\/api.w.org\/{rel}","templated":true}]}}