{"id":162623,"date":"2020-04-07T07:29:53","date_gmt":"2020-04-07T10:29:53","guid":{"rendered":"http:\/\/www.caririemacao.com\/1\/?p=162623"},"modified":"2020-04-07T07:39:51","modified_gmt":"2020-04-07T10:39:51","slug":"gemeos-sao-batizados-como-corona-e-covid-na-india","status":"publish","type":"post","link":"https:\/\/www.caririemacao.com\/1\/2020\/04\/07\/gemeos-sao-batizados-como-corona-e-covid-na-india\/","title":{"rendered":"G\u00eameos s\u00e3o batizados como Corona e Covid na \u00cdndia"},"content":{"rendered":"\n<p> Um casal de indianos Preeti Verma e Vinay Verma escolheu nomes incomuns para os filhos rec\u00e9m-nascidos: Corona e Covid. Os g\u00eameos, respectivamente uma menina e um menino, nasceram no dia 27 de mar\u00e7o, e foram batizados com refer\u00eancias \u00e0 pandemia do novo coronav\u00edrus, que tamb\u00e9m atinge a \u00cdndia.<br>&nbsp;&#8220;O parto ocorreu ap\u00f3s diversas dificuldades e, por isso, eu e meu marido quer\u00edamos tornar o dia inesquec\u00edvel&#8221;, disse Preeti em uma mat\u00e9ria do jornal brit\u00e2nico Metro, que contou com informa\u00e7\u00f5es da ag\u00eancia de not\u00edcias indiana Press Trust of India. Preeti explicou que o casal teve que chamar uma ambul\u00e2ncia especial, que foi parada diversas vezes no trajeto at\u00e9 o hospital devido \u00e0 proibi\u00e7\u00e3o de circula\u00e7\u00e3o de ve\u00edculos no pa\u00eds.<br>Em uma mat\u00e9ria do canal Al Jazeera, com informa\u00e7\u00f5es da ag\u00eancia DPA, Preeti comentou que o casal queria que os nomes fossem &#8220;memor\u00e1veis e \u00fanicos&#8221;, e comentou que os dois tomaram a decis\u00e3o quando os pr\u00f3prios funcion\u00e1rios do hospital chamaram os beb\u00eas de Corona, em refer\u00eancia ao novo coronav\u00edrus, e Covid, em refer\u00eancia \u00e0 doen\u00e7a covid-19, causada pelo v\u00edrus.<br>&#8220;Al\u00e9m disso, os nomes s\u00e3o bonitos por si s\u00f3. Corona significa coroa em latim. E n\u00f3s quer\u00edamos que o medo associado a esses nomes acabe e que o p\u00fablico foque no higiene e saneamento [associados \u00e0s palavras Covid e Corona]&#8221;, disse Vinay Verma.<br><strong>PORTAL TERRA<\/strong><\/p>\n","protected":false},"excerpt":{"rendered":"<p>Um casal de indianos Preeti Verma e Vinay Verma escolheu nomes incomuns para os filhos rec\u00e9m-nascidos: Corona e Covid. Os g\u00eameos, respectivamente uma menina e&hellip; <\/p>\n","protected":false},"author":2,"featured_media":161018,"comment_status":"closed","ping_status":"closed","sticky":false,"template":"","format":"standard","meta":{"sfsi_plus_gutenberg_text_before_share":"","sfsi_plus_gutenberg_show_text_before_share":"","sfsi_plus_gutenberg_icon_type":"","sfsi_plus_gutenberg_icon_alignemt":"","sfsi_plus_gutenburg_max_per_row":"","footnotes":""},"categories":[50,2],"tags":[],"class_list":["post-162623","post","type-post","status-publish","format-standard","has-post-thumbnail","hentry","category-destaque","category-geral"],"_links":{"self":[{"href":"https:\/\/www.caririemacao.com\/1\/wp-json\/wp\/v2\/posts\/162623","targetHints":{"allow":["GET"]}}],"collection":[{"href":"https:\/\/www.caririemacao.com\/1\/wp-json\/wp\/v2\/posts"}],"about":[{"href":"https:\/\/www.caririemacao.com\/1\/wp-json\/wp\/v2\/types\/post"}],"author":[{"embeddable":true,"href":"https:\/\/www.caririemacao.com\/1\/wp-json\/wp\/v2\/users\/2"}],"replies":[{"embeddable":true,"href":"https:\/\/www.caririemacao.com\/1\/wp-json\/wp\/v2\/comments?post=162623"}],"version-history":[{"count":2,"href":"https:\/\/www.caririemacao.com\/1\/wp-json\/wp\/v2\/posts\/162623\/revisions"}],"predecessor-version":[{"id":162642,"href":"https:\/\/www.caririemacao.com\/1\/wp-json\/wp\/v2\/posts\/162623\/revisions\/162642"}],"wp:featuredmedia":[{"embeddable":true,"href":"https:\/\/www.caririemacao.com\/1\/wp-json\/wp\/v2\/media\/161018"}],"wp:attachment":[{"href":"https:\/\/www.caririemacao.com\/1\/wp-json\/wp\/v2\/media?parent=162623"}],"wp:term":[{"taxonomy":"category","embeddable":true,"href":"https:\/\/www.caririemacao.com\/1\/wp-json\/wp\/v2\/categories?post=162623"},{"taxonomy":"post_tag","embeddable":true,"href":"https:\/\/www.caririemacao.com\/1\/wp-json\/wp\/v2\/tags?post=162623"}],"curies":[{"name":"wp","href":"https:\/\/api.w.org\/{rel}","templated":true}]}}