{"id":162630,"date":"2020-04-07T07:35:38","date_gmt":"2020-04-07T10:35:38","guid":{"rendered":"http:\/\/www.caririemacao.com\/1\/?p=162630"},"modified":"2020-04-07T07:35:40","modified_gmt":"2020-04-07T10:35:40","slug":"candidatos-podem-pedir-isencao-da-taxa-do-enem-a-partir-de-hoje","status":"publish","type":"post","link":"https:\/\/www.caririemacao.com\/1\/2020\/04\/07\/candidatos-podem-pedir-isencao-da-taxa-do-enem-a-partir-de-hoje\/","title":{"rendered":"Candidatos podem pedir isen\u00e7\u00e3o da taxa do Enem a partir de hoje"},"content":{"rendered":"\n<p>Os estudantes que querem fazer as provas do Enem (Exame Nacional do Ensino M\u00e9dio) podem pedir a isen\u00e7\u00e3o da taxa de R$ 85 a partir desta segunda-feira (6) at\u00e9 o dia 17 de abril. O resultado ser\u00e1 divulgado no dia 24 e o pedido deve ser feito pela internet.<br>A edi\u00e7\u00e3o deste ano traz novidades. Todos os estudantes que forem se inscrever no Enem, ProUni (Programa Univrsidade para Todos) ou Fies (Financiamento Estudantil) ter\u00e3o que fazer um cadastro no portal do Governo Federal. O canditato deve informar CPF, nome completo, e-mail e telefone, al\u00e9m de cadastrar login e senha. Posteriormente, o estudante deve acessar a P\u00e1gina do Participante do Enem.<br>O Enem \u00e9 a principal porta de acesso para as universidades brasileiras. As inscri\u00e7\u00f5es come\u00e7am no dia 11 de maio e v\u00e3o at\u00e9 o dia 28 do mesmo m\u00eas. Os interessados em pedir a isen\u00e7\u00e3o da taxa devem atender as seguintes caracter\u00edsticas:<br>\u2013 Estudantes que est\u00e3o no terceiro ano do ensino m\u00e9dio em escolas p\u00fablicas;\u2013 Alunos de escolas p\u00fablicas ou bolsistas integrais de col\u00e9gios particulares que tenham renda familiar mensal de at\u00e9 1,5 sal\u00e1rio m\u00ednimo por pessoa;\u2013 Inscritos no Cadastro \u00danico para Programas Sociais do Governo Federal (Cad\u00danico)&nbsp;&nbsp;com renda familiar de meio sal\u00e1rio m\u00ednimo por pessoa ou renda familiar total de at\u00e9 tr\u00eas sal\u00e1rios m\u00ednimos;\u2013 Participantes do Encceja (Exame Nacional para Certifica\u00e7\u00e3o de Compet\u00eancias de Jovens e Adultos) e conseguiu a certifica\u00e7\u00e3o para ensino m\u00e9dio;<br>Neste per\u00edodo, os estudantes que perderam a prova do ano passado devem justificar a aus\u00eancia.<a href=\"https:\/\/1.bp.blogspot.com\/-auarbVEptSA\/XotlDeQeTlI\/AAAAAAABLaU\/TYo5wVbBk7kqnbER52uusTFVkMESdauWwCLcBGAsYHQ\/s1600\/calendario-enem-2020-inscricao-05042020103614158.jpeg\"><\/a><\/p>\n","protected":false},"excerpt":{"rendered":"<p>Os estudantes que querem fazer as provas do Enem (Exame Nacional do Ensino M\u00e9dio) podem pedir a isen\u00e7\u00e3o da taxa de R$ 85 a partir&hellip; <\/p>\n","protected":false},"author":2,"featured_media":162631,"comment_status":"closed","ping_status":"closed","sticky":false,"template":"","format":"standard","meta":{"sfsi_plus_gutenberg_text_before_share":"","sfsi_plus_gutenberg_show_text_before_share":"","sfsi_plus_gutenberg_icon_type":"","sfsi_plus_gutenberg_icon_alignemt":"","sfsi_plus_gutenburg_max_per_row":"","footnotes":""},"categories":[2],"tags":[],"class_list":["post-162630","post","type-post","status-publish","format-standard","has-post-thumbnail","hentry","category-geral"],"_links":{"self":[{"href":"https:\/\/www.caririemacao.com\/1\/wp-json\/wp\/v2\/posts\/162630","targetHints":{"allow":["GET"]}}],"collection":[{"href":"https:\/\/www.caririemacao.com\/1\/wp-json\/wp\/v2\/posts"}],"about":[{"href":"https:\/\/www.caririemacao.com\/1\/wp-json\/wp\/v2\/types\/post"}],"author":[{"embeddable":true,"href":"https:\/\/www.caririemacao.com\/1\/wp-json\/wp\/v2\/users\/2"}],"replies":[{"embeddable":true,"href":"https:\/\/www.caririemacao.com\/1\/wp-json\/wp\/v2\/comments?post=162630"}],"version-history":[{"count":1,"href":"https:\/\/www.caririemacao.com\/1\/wp-json\/wp\/v2\/posts\/162630\/revisions"}],"predecessor-version":[{"id":162632,"href":"https:\/\/www.caririemacao.com\/1\/wp-json\/wp\/v2\/posts\/162630\/revisions\/162632"}],"wp:featuredmedia":[{"embeddable":true,"href":"https:\/\/www.caririemacao.com\/1\/wp-json\/wp\/v2\/media\/162631"}],"wp:attachment":[{"href":"https:\/\/www.caririemacao.com\/1\/wp-json\/wp\/v2\/media?parent=162630"}],"wp:term":[{"taxonomy":"category","embeddable":true,"href":"https:\/\/www.caririemacao.com\/1\/wp-json\/wp\/v2\/categories?post=162630"},{"taxonomy":"post_tag","embeddable":true,"href":"https:\/\/www.caririemacao.com\/1\/wp-json\/wp\/v2\/tags?post=162630"}],"curies":[{"name":"wp","href":"https:\/\/api.w.org\/{rel}","templated":true}]}}