{"id":162645,"date":"2020-04-07T07:43:59","date_gmt":"2020-04-07T10:43:59","guid":{"rendered":"http:\/\/www.caririemacao.com\/1\/?p=162645"},"modified":"2020-04-07T07:44:01","modified_gmt":"2020-04-07T10:44:01","slug":"tres-pacientes-morrem-sob-suspeita-da-covid-19-no-pedro-i-em-campina","status":"publish","type":"post","link":"https:\/\/www.caririemacao.com\/1\/2020\/04\/07\/tres-pacientes-morrem-sob-suspeita-da-covid-19-no-pedro-i-em-campina\/","title":{"rendered":"Tr\u00eas pacientes morrem sob suspeita da Covid-19 no Pedro I em Campina"},"content":{"rendered":"\n<p>&nbsp;O prefeito, Romero Rodrigues (PSD), atrav\u00e9s de uma live na tarde desta segunda-feira (6), fez um balan\u00e7o sobre todas as a\u00e7\u00f5es da Prefeitura dentro do plano de preven\u00e7\u00e3o e controle \u00e0 Covid-19.<\/p>\n\n\n\n<p>Dois pontos se destacaram em sua fala: a revela\u00e7\u00e3o sobre tr\u00eas \u00f3bitos, nas \u00faltimas 24 horas, de pacientes que estavam internados no Hospital Municipal Dom Pedro I, sob suspeita de Coronav\u00edrus, e um apelo para que a popula\u00e7\u00e3o n\u00e3o relaxe em rela\u00e7\u00e3o as medidas de isolamento social.<\/p>\n\n\n\n<p>Segundo o prefeito, todos os tr\u00eas \u00f3bitos foram de pacientes que j\u00e1 chegaram com sintomas respirat\u00f3rios graves no Pedro I.<\/p>\n\n\n\n<p>Dois destes casos s\u00e3o de pacientes residentes em Campina Grande, que deram entrada na unidade no s\u00e1bado (04), um homem de 56 anos e uma mulher de 77 anos, que j\u00e1 tinha hist\u00f3rico de doen\u00e7a respirat\u00f3ria.<\/p>\n\n\n\n<p>Ela veio a \u00f3bito no domingo e ele nesta segunda.<\/p>\n\n\n\n<p>J\u00e1 o terceiro caso trata-se de uma mulher de 55 anos do munic\u00edpio de Olho D\u2019\u00e1gua, mas que j\u00e1 havia sido transferida para um hospital de Pianc\u00f3, no Sert\u00e3o do Estado.<\/p>\n\n\n\n<p>A paciente era hipertensa, deu entrada no Pedro I ontem e morreu na manh\u00e3 de hoje. Apesar dos sintomas muito parecidos com Covid-19, todos os casos ainda s\u00e3o tratados como suspeitos e aguardam a confirma\u00e7\u00e3o do teste para confirma\u00e7\u00e3o de Covid-19.<\/p>\n\n\n\n<p>De acordo ainda com o prefeito, a Secretaria Estadual de Sa\u00fade solicitou os exames e assegurou que, at\u00e9 esta ter\u00e7a-feira (7), ter\u00e1 condi\u00e7\u00f5es de confirmar ou n\u00e3o se a causa das mortes dos pacientes foi a Covid-19.<\/p>\n\n\n\n<figure class=\"wp-block-image\"><img decoding=\"async\" data-src=\"https:\/\/www.helenolima.com\/wp-content\/uploads\/2020\/04\/b-7-300x225.jpg\" alt=\"\" class=\"wp-image-7383 lazyload\" src=\"data:image\/svg+xml;base64,PHN2ZyB3aWR0aD0iMSIgaGVpZ2h0PSIxIiB4bWxucz0iaHR0cDovL3d3dy53My5vcmcvMjAwMC9zdmciPjwvc3ZnPg==\" style=\"--smush-placeholder-width: 300px; --smush-placeholder-aspect-ratio: 300\/225;\" \/><figcaption><strong>O prefeito Romero Rodrigues (C) tratou sobre o tema e outras medidas adotadas atrav\u00e9s de uma live na tarde desta segunda-feira com seus auxiliares<\/strong><\/figcaption><\/figure>\n\n\n\n<p><strong>Esfor\u00e7o de guerra<\/strong><\/p>\n\n\n\n<p>De acordo com Romero, a Prefeitura campinense vem fazendo o m\u00e1ximo esfor\u00e7o para se preparar para o enfrentamento da doen\u00e7a.<\/p>\n\n\n\n<p>Campina Grande, segundo lembrou ele, est\u00e1 referenciando 69 munic\u00edpios paraibanos \u2013 o que projeta uma popula\u00e7\u00e3o total de 1,2 milh\u00e3o de habitantes.<\/p>\n\n\n\n<p>Dentro do verdadeiro esfor\u00e7o de guerra desenvolvido, Romero destaca a garantia de 138 leitos de UTI na estrutura Municipal, sem incluir no c\u00e1lculo vagas de Terapia Intensiva nas duas UPAs, no Hospital da Crian\u00e7a e do ISEA, al\u00e9m de uma s\u00e9rie de a\u00e7\u00f5es setoriais envolvendo a Assist\u00eancia Social, a comunica\u00e7\u00e3o e os \u00f3rg\u00e3os de fiscaliza\u00e7\u00e3o.<\/p>\n\n\n\n<p><strong>Apelo \u00e0 popula\u00e7\u00e3o<\/strong><\/p>\n\n\n\n<p>Ap\u00f3s expor os dados atualizados sobre a Covid-19 em Campina Grande, o alcaide volta a pedir que a popula\u00e7\u00e3o ajude no esfor\u00e7o do munic\u00edpio de lutar contra o avan\u00e7o da doen\u00e7a, reafirmando a necessidade de que se mantenha o m\u00e1ximo poss\u00edvel de isolamento social.<\/p>\n\n\n\n<p>O chefe do executivo destaca o sacrif\u00edcio grande que muitos setores v\u00eam fazendo em prol de melhores resultados para Campina Grande \u2013 a exemplo do com\u00e9rcio, das escolas p\u00fablicas e privadas, e das universidades.<\/p>\n\n\n\n<p>\u201cN\u00e3o h\u00e1 meio mais eficaz para n\u00f3s vencermos essa guerra do que o isolamento. Se cada um fizer sua parte, passaremos por essa tempestade sem grandes perdas\u201d, destaca.<\/p>\n\n\n\n<p>Romeroues mostra-se particularmente preocupado com o volume de pessoas no centro da cidade, desrespeitando as orienta\u00e7\u00f5es e medidas adotadas pela Prefeitura e Estado.<\/p>\n\n\n\n<p>Publicamente, desautorizou o Procon-CG, neste momento, a aplicar qualquer multa por eventuais desobedi\u00eancias no setor comercial, mas enfatiza o car\u00e1ter de alerta a que todos est\u00e3o submetidos.<\/p>\n","protected":false},"excerpt":{"rendered":"<p>&nbsp;O prefeito, Romero Rodrigues (PSD), atrav\u00e9s de uma live na tarde desta segunda-feira (6), fez um balan\u00e7o sobre todas as a\u00e7\u00f5es da Prefeitura dentro do&hellip; <\/p>\n","protected":false},"author":2,"featured_media":162646,"comment_status":"closed","ping_status":"closed","sticky":false,"template":"","format":"standard","meta":{"sfsi_plus_gutenberg_text_before_share":"","sfsi_plus_gutenberg_show_text_before_share":"","sfsi_plus_gutenberg_icon_type":"","sfsi_plus_gutenberg_icon_alignemt":"","sfsi_plus_gutenburg_max_per_row":"","footnotes":""},"categories":[2],"tags":[],"class_list":["post-162645","post","type-post","status-publish","format-standard","has-post-thumbnail","hentry","category-geral"],"_links":{"self":[{"href":"https:\/\/www.caririemacao.com\/1\/wp-json\/wp\/v2\/posts\/162645","targetHints":{"allow":["GET"]}}],"collection":[{"href":"https:\/\/www.caririemacao.com\/1\/wp-json\/wp\/v2\/posts"}],"about":[{"href":"https:\/\/www.caririemacao.com\/1\/wp-json\/wp\/v2\/types\/post"}],"author":[{"embeddable":true,"href":"https:\/\/www.caririemacao.com\/1\/wp-json\/wp\/v2\/users\/2"}],"replies":[{"embeddable":true,"href":"https:\/\/www.caririemacao.com\/1\/wp-json\/wp\/v2\/comments?post=162645"}],"version-history":[{"count":1,"href":"https:\/\/www.caririemacao.com\/1\/wp-json\/wp\/v2\/posts\/162645\/revisions"}],"predecessor-version":[{"id":162647,"href":"https:\/\/www.caririemacao.com\/1\/wp-json\/wp\/v2\/posts\/162645\/revisions\/162647"}],"wp:featuredmedia":[{"embeddable":true,"href":"https:\/\/www.caririemacao.com\/1\/wp-json\/wp\/v2\/media\/162646"}],"wp:attachment":[{"href":"https:\/\/www.caririemacao.com\/1\/wp-json\/wp\/v2\/media?parent=162645"}],"wp:term":[{"taxonomy":"category","embeddable":true,"href":"https:\/\/www.caririemacao.com\/1\/wp-json\/wp\/v2\/categories?post=162645"},{"taxonomy":"post_tag","embeddable":true,"href":"https:\/\/www.caririemacao.com\/1\/wp-json\/wp\/v2\/tags?post=162645"}],"curies":[{"name":"wp","href":"https:\/\/api.w.org\/{rel}","templated":true}]}}