{"id":162649,"date":"2020-04-07T07:45:10","date_gmt":"2020-04-07T10:45:10","guid":{"rendered":"http:\/\/www.caririemacao.com\/1\/?p=162649"},"modified":"2020-04-07T07:45:11","modified_gmt":"2020-04-07T10:45:11","slug":"agevisa-determina-que-corpos-de-mortos-por-coronavirus-devem-ser-cremados-ou-enterrados-sem-velorio-na-paraiba","status":"publish","type":"post","link":"https:\/\/www.caririemacao.com\/1\/2020\/04\/07\/agevisa-determina-que-corpos-de-mortos-por-coronavirus-devem-ser-cremados-ou-enterrados-sem-velorio-na-paraiba\/","title":{"rendered":"Agevisa determina que corpos de mortos por Coronav\u00edrus devem ser cremados ou enterrados sem vel\u00f3rio na Para\u00edba"},"content":{"rendered":"\n<p>A&nbsp;&nbsp;Ag\u00eancia Estadual de Vigil\u00e2ncia Sanit\u00e1ria (Agevisa) determinou nesta segunda-feira (6), que os&nbsp;corpos de pessoas que morreram por Coronav\u00edrus, devem ser cremados ou sepultados sem a realiza\u00e7\u00e3o de vel\u00f3rio, na Para\u00edba. A informa\u00e7\u00e3o foi dada pelo \u00f3rg\u00e3o, atrav\u00e9s de uma nota t\u00e9cnica emitida nesta segunda.<\/p>\n\n\n\n<p>A decis\u00e3o foi tomada para evitar novas poss\u00edveis infec\u00e7\u00f5es do Covid-19, embora&nbsp;a possibilidade de cont\u00e1gio seja geralmente menor do que para pacientes que estejam vivos.<\/p>\n\n\n\n<p>De acordo com a nota, ap\u00f3s a confirma\u00e7\u00e3o do falecimento de pessoa infectada ou com suspeita de infec\u00e7\u00e3o por Covid-19, o corpo dever\u00e1 ser transferido do leito, sala ou espa\u00e7o de isolamento, para o necrot\u00e9rio no menor tempo poss\u00edvel. S\u00f3 ser\u00e1 permitida a presen\u00e7a de profissionais estritamente necess\u00e1rios e que estejam protegidos por equipamentos de prote\u00e7\u00e3o individual (EPIs).<\/p>\n\n\n\n<p>Para \u00e0 fam\u00edlia do paciente, \u00e9 dada a permiss\u00e3o de optar pela crema\u00e7\u00e3o do corpo ou pelo enterro em caix\u00e3o lacrado, sem vel\u00f3rio, no prazo m\u00e1ximo de 24 horas ap\u00f3s a morte.<\/p>\n\n\n\n<p>A despedida poder\u00e1 ser realizada pelos familiares, em ambiente aberto, no local do sepultamento, com o prazo m\u00e1ximo de 30 minutos e sem contato com a urna mortu\u00e1ria. O caix\u00e3o deve ser mantido fechado durante o funeral, para evitar contato f\u00edsico com o corpo.<\/p>\n\n\n\n<p>A nota \u00e9 assinada pela diretora geral da Agevisa J\u00f3ria Viana Guerreira e \u00e9 finalizada informando que as decis\u00f5es foram tomadas de acordo com os dados atuais sobre o novo Coronav\u00edrus, podendo&nbsp;passar por modifica\u00e7\u00f5es.<\/p>\n","protected":false},"excerpt":{"rendered":"<p>A&nbsp;&nbsp;Ag\u00eancia Estadual de Vigil\u00e2ncia Sanit\u00e1ria (Agevisa) determinou nesta segunda-feira (6), que os&nbsp;corpos de pessoas que morreram por Coronav\u00edrus, devem ser cremados ou sepultados sem a&hellip; <\/p>\n","protected":false},"author":2,"featured_media":162650,"comment_status":"closed","ping_status":"closed","sticky":false,"template":"","format":"standard","meta":{"sfsi_plus_gutenberg_text_before_share":"","sfsi_plus_gutenberg_show_text_before_share":"","sfsi_plus_gutenberg_icon_type":"","sfsi_plus_gutenberg_icon_alignemt":"","sfsi_plus_gutenburg_max_per_row":"","footnotes":""},"categories":[2],"tags":[],"class_list":["post-162649","post","type-post","status-publish","format-standard","has-post-thumbnail","hentry","category-geral"],"_links":{"self":[{"href":"https:\/\/www.caririemacao.com\/1\/wp-json\/wp\/v2\/posts\/162649","targetHints":{"allow":["GET"]}}],"collection":[{"href":"https:\/\/www.caririemacao.com\/1\/wp-json\/wp\/v2\/posts"}],"about":[{"href":"https:\/\/www.caririemacao.com\/1\/wp-json\/wp\/v2\/types\/post"}],"author":[{"embeddable":true,"href":"https:\/\/www.caririemacao.com\/1\/wp-json\/wp\/v2\/users\/2"}],"replies":[{"embeddable":true,"href":"https:\/\/www.caririemacao.com\/1\/wp-json\/wp\/v2\/comments?post=162649"}],"version-history":[{"count":1,"href":"https:\/\/www.caririemacao.com\/1\/wp-json\/wp\/v2\/posts\/162649\/revisions"}],"predecessor-version":[{"id":162651,"href":"https:\/\/www.caririemacao.com\/1\/wp-json\/wp\/v2\/posts\/162649\/revisions\/162651"}],"wp:featuredmedia":[{"embeddable":true,"href":"https:\/\/www.caririemacao.com\/1\/wp-json\/wp\/v2\/media\/162650"}],"wp:attachment":[{"href":"https:\/\/www.caririemacao.com\/1\/wp-json\/wp\/v2\/media?parent=162649"}],"wp:term":[{"taxonomy":"category","embeddable":true,"href":"https:\/\/www.caririemacao.com\/1\/wp-json\/wp\/v2\/categories?post=162649"},{"taxonomy":"post_tag","embeddable":true,"href":"https:\/\/www.caririemacao.com\/1\/wp-json\/wp\/v2\/tags?post=162649"}],"curies":[{"name":"wp","href":"https:\/\/api.w.org\/{rel}","templated":true}]}}