{"id":162664,"date":"2020-04-07T11:03:29","date_gmt":"2020-04-07T14:03:29","guid":{"rendered":"http:\/\/www.caririemacao.com\/1\/?p=162664"},"modified":"2020-04-07T11:03:32","modified_gmt":"2020-04-07T14:03:32","slug":"detran-pb-divulga-respostas-aos-questionamentos-mais-frequentes-dos-usuarios-nas-redes-sociais","status":"publish","type":"post","link":"https:\/\/www.caririemacao.com\/1\/2020\/04\/07\/detran-pb-divulga-respostas-aos-questionamentos-mais-frequentes-dos-usuarios-nas-redes-sociais\/","title":{"rendered":"Detran-PB divulga respostas aos questionamentos mais frequentes dos usu\u00e1rios nas redes sociais"},"content":{"rendered":"\n<p>Com a finalidade de esclarecer as d\u00favidas dos seus usu\u00e1rios, em tempos de pandemia e a consequente suspens\u00e3o do atendimento presencial, o Departamento Estadual de Tr\u00e2nsito (Detran-PB) criou um question\u00e1rio contendo as perguntas mais frequentes, postadas nas redes sociais do \u00f3rg\u00e3o, e as suas respectivas respostas. Al\u00e9m disso, a dire\u00e7\u00e3o lembra que tamb\u00e9m est\u00e1 \u00e0 disposi\u00e7\u00e3o dos condutores de ve\u00edculos o e-mail ouvidoria@detran.pb.gov.br, para sugest\u00f5es e reclama\u00e7\u00f5es. Seguem as quest\u00f5es:<\/p>\n\n\n\n<p><strong>P- Como posso pagar meus d\u00e9bitos com o Detran-PB?<\/strong><\/p>\n\n\n\n<p>R-&nbsp;O licenciamento pode ser pago atrav\u00e9s do aplicativo&nbsp;do Banco do Brasil&nbsp; ou do caixa eletr\u00f4nico do Banco do Brasil (mesmo n\u00e3o tendo conta no banco). Os usu\u00e1rios que n\u00e3o conseguirem realizar o pagamento do licenciamento vencido, durante este per\u00edodo em que o Detran est\u00e1 com o atendimento suspenso, podem pagar sem multa quando o servi\u00e7o for normalizado. \u00c9 importante destacar que o Detran n\u00e3o tem nenhuma inger\u00eancia&nbsp;sobre o IPVA, uma vez que o imposto \u00e9&nbsp;de responsabilidade da Secretaria de Estado da Receita. Sendo assim, sugerimos tentar contato com o \u00f3rg\u00e3o, por meio do e-mail: gerencia.itcd.ipva@sefaz.pb.gov.br.<\/p>\n\n\n\n<p><strong>P- Como emitir o boleto do licenciamento do ve\u00edculo?<\/strong><\/p>\n\n\n\n<p>R- Entra no site&nbsp;<a href=\"http:\/\/www.detran.pb.gov.br\/\">www.detran.pb.gov.br<\/a>&nbsp;e clique no bot\u00e3o LICENCIAMENTO, na parte superior do site; depois disso, preencha os dados e clica em Enviar.<\/p>\n\n\n\n<p><strong>P- Se pagarmos pelo aplicativo, n\u00e3o teremos comprovante. Como faremos?<\/strong><\/p>\n\n\n\n<p>R- Mostre o recibo no aplicativo do banco.<\/p>\n\n\n\n<p><strong>P- N\u00e3o consegui pagar o boleto do licenciamento e o prazo foi at\u00e9 dia 31. Como fa\u00e7o agora?<\/strong><\/p>\n\n\n\n<p>R- Retire o boleto atualizado e pague no caixa eletr\u00f4nico do Banco do Brasil ou no aplicativo do banco.<\/p>\n\n\n\n<p><strong>P- Quanto ao prazo de 30 dias para transfer\u00eancia de ve\u00edculos?<\/strong><\/p>\n\n\n\n<p>R- De acordo com a Delibera\u00e7\u00e3o n\u00ba 185\/2020, do Conselho Nacional de Tr\u00e2nsito (Contran), os prazos est\u00e3o suspensos e n\u00e3o ser\u00e1 cobrada multa.<\/p>\n\n\n\n<p><strong>P- Como Consulto minhas multas?<\/strong><\/p>\n\n\n\n<p>R- Acesse o site www.detran.pb.gov.br e clique na aba Infra\u00e7\u00f5es. Ou no Portal da Cidadania, na aba Mobilidade (https:\/\/portaldacidadania.pb.gov.br\/)<\/p>\n\n\n\n<p><strong>P- Minha habilita\u00e7\u00e3o venceu. O que fa\u00e7o?<\/strong><\/p>\n\n\n\n<p>R- A Delibera\u00e7\u00e3o n\u00ba 185\/2020, do Conselho Nacional de Tr\u00e2nsito (Contran), interrompeu os prazos de validade das CNHs vencidas ap\u00f3s 19\/02\/2020. Veja artigo abaixo:<\/p>\n\n\n\n<p>Art. 5\u00ba Para fins de fiscaliza\u00e7\u00e3o, ficam interrompidos, por tempo indeterminado, os prazos:<\/p>\n\n\n\n<p>III \u2013 para que o condutor possa dirigir ve\u00edculo com validade Carteira Nacional de Habilita\u00e7\u00e3o (CNH) vencida desde 19\/02\/2020, previsto no art. 162, inciso V, do CTB.<\/p>\n\n\n\n<p>Par\u00e1grafo \u00fanico. O prazo a que se refere o inciso III tamb\u00e9m aplica-se \u00e0 Permiss\u00e3o para Dirigir (PPD).<\/p>\n\n\n\n<p><strong>P- Preciso do CRLV do meu ve\u00edculo. Como fa\u00e7o?<\/strong><\/p>\n\n\n\n<p>R- Dentro de 15 dias, o Sistema do Detran-PB vai atualizar o CRLV digital, ap\u00f3s a quita\u00e7\u00e3o, sem a necessidade do documento f\u00edsico. Ele poder\u00e1 ser baixado no mesmo aplicativo da CNH digital (Carteira Digital de Tr\u00e2nsito).<\/p>\n\n\n\n<p><strong>P- E os candidatos que estavam com provas agendadas?<\/strong><\/p>\n\n\n\n<p>R- Todos os exames psicol\u00f3gicos, de legisla\u00e7\u00e3o e de dire\u00e7\u00e3o que estavam agendados at\u00e9 o dia 18 ser\u00e3o liberados para remarca\u00e7\u00e3o em datas escolhidas pelos Centros de Forma\u00e7\u00e3o de Condutores (CFCs) ou pelo pr\u00f3prio candidato. Os processos com vencimentos a partir do dia 18 de mar\u00e7o ser\u00e3o automaticamente revalidados para 18 meses, independente de ter havido ou n\u00e3o agendamento. A remarca\u00e7\u00e3o n\u00e3o tem custo. Todas as faltas, atualizadas automaticamente pelo sistema, ser\u00e3o justificadas.<\/p>\n\n\n\n<p><strong>P- Quando o Detran-PB volta a atender?<\/strong><\/p>\n\n\n\n<p>R- A suspens\u00e3o teve in\u00edcio no dia 19\/03 e se estender\u00e1 por 30 dias. Acompanhe as redes sociais do \u00f3rg\u00e3o.<\/p>\n","protected":false},"excerpt":{"rendered":"<p>Com a finalidade de esclarecer as d\u00favidas dos seus usu\u00e1rios, em tempos de pandemia e a consequente suspens\u00e3o do atendimento presencial, o Departamento Estadual de&hellip; <\/p>\n","protected":false},"author":2,"featured_media":162665,"comment_status":"closed","ping_status":"closed","sticky":false,"template":"","format":"standard","meta":{"sfsi_plus_gutenberg_text_before_share":"","sfsi_plus_gutenberg_show_text_before_share":"","sfsi_plus_gutenberg_icon_type":"","sfsi_plus_gutenberg_icon_alignemt":"","sfsi_plus_gutenburg_max_per_row":"","footnotes":""},"categories":[2],"tags":[],"class_list":["post-162664","post","type-post","status-publish","format-standard","has-post-thumbnail","hentry","category-geral"],"_links":{"self":[{"href":"https:\/\/www.caririemacao.com\/1\/wp-json\/wp\/v2\/posts\/162664","targetHints":{"allow":["GET"]}}],"collection":[{"href":"https:\/\/www.caririemacao.com\/1\/wp-json\/wp\/v2\/posts"}],"about":[{"href":"https:\/\/www.caririemacao.com\/1\/wp-json\/wp\/v2\/types\/post"}],"author":[{"embeddable":true,"href":"https:\/\/www.caririemacao.com\/1\/wp-json\/wp\/v2\/users\/2"}],"replies":[{"embeddable":true,"href":"https:\/\/www.caririemacao.com\/1\/wp-json\/wp\/v2\/comments?post=162664"}],"version-history":[{"count":1,"href":"https:\/\/www.caririemacao.com\/1\/wp-json\/wp\/v2\/posts\/162664\/revisions"}],"predecessor-version":[{"id":162666,"href":"https:\/\/www.caririemacao.com\/1\/wp-json\/wp\/v2\/posts\/162664\/revisions\/162666"}],"wp:featuredmedia":[{"embeddable":true,"href":"https:\/\/www.caririemacao.com\/1\/wp-json\/wp\/v2\/media\/162665"}],"wp:attachment":[{"href":"https:\/\/www.caririemacao.com\/1\/wp-json\/wp\/v2\/media?parent=162664"}],"wp:term":[{"taxonomy":"category","embeddable":true,"href":"https:\/\/www.caririemacao.com\/1\/wp-json\/wp\/v2\/categories?post=162664"},{"taxonomy":"post_tag","embeddable":true,"href":"https:\/\/www.caririemacao.com\/1\/wp-json\/wp\/v2\/tags?post=162664"}],"curies":[{"name":"wp","href":"https:\/\/api.w.org\/{rel}","templated":true}]}}