{"id":162674,"date":"2020-04-07T11:06:22","date_gmt":"2020-04-07T14:06:22","guid":{"rendered":"http:\/\/www.caririemacao.com\/1\/?p=162674"},"modified":"2020-04-07T11:06:24","modified_gmt":"2020-04-07T14:06:24","slug":"pico-de-covid-19-na-paraiba-deve-ocorrer-entre-os-dias-20-e-30-de-abril-diz-secretario","status":"publish","type":"post","link":"https:\/\/www.caririemacao.com\/1\/2020\/04\/07\/pico-de-covid-19-na-paraiba-deve-ocorrer-entre-os-dias-20-e-30-de-abril-diz-secretario\/","title":{"rendered":"Pico de covid-19 na Para\u00edba deve ocorrer entre os dias 20 e 30 de abril, diz secret\u00e1rio"},"content":{"rendered":"\n<p>O pico da epidemia de Covid-19 na Para\u00edba deve ocorrer entre os dias 20 e 30 deste m\u00eas de abril, de acordo com o secret\u00e1rio executivo de Gest\u00e3o da Rede de Unidades de Sa\u00fade do Estado, Daniel Beltrammi.<\/p>\n\n\n\n<p>Em live exibida na noite dessa segunda-feira (6), o secret\u00e1rio explicou que as previs\u00f5es para o Nordeste s\u00e3o um pouco diferentes, j\u00e1 que no Sudeste a pandemia j\u00e1 apresenta crescimento descontrolado. No Nordeste, apenas o Cear\u00e1 se encontra na mesma situa\u00e7\u00e3o, enquanto os outros estados t\u00eam conseguido retardar o alastramento da doen\u00e7a.<\/p>\n\n\n\n<p>Nem por isso, podemos descuidar. \u201dUm \u00fanico fim de semana de gente na rua pode colocar tudo a perder\u201d, disse Beltrammi. \u201dNa semana passada, n\u00f3s t\u00ednhamos 20 casos, hoje j\u00e1 temos 36, um crescimento de 76% para quem est\u00e1 achando que isso \u00e9 brincadeira. Se a gente seguir nesse ritmo, segundo as previs\u00f5es do Minist\u00e9rio da Sa\u00fade e Fiocruz, semana que vem estaremos pr\u00f3ximos de uma centena de casos\u201d, afirmou.<\/p>\n\n\n\n<p>O secret\u00e1rio destacou que a popula\u00e7\u00e3o precisa adquirir novos h\u00e1bitos, evitando ao m\u00e1ximo as aglomera\u00e7\u00f5es, \u201dporque \u00e9 disso que o v\u00edrus precisa para se espalhar\u201d.<\/p>\n\n\n\n<p><em>Click PB<\/em><\/p>\n","protected":false},"excerpt":{"rendered":"<p>O pico da epidemia de Covid-19 na Para\u00edba deve ocorrer entre os dias 20 e 30 deste m\u00eas de abril, de acordo com o secret\u00e1rio&hellip; <\/p>\n","protected":false},"author":2,"featured_media":162675,"comment_status":"closed","ping_status":"closed","sticky":false,"template":"","format":"standard","meta":{"sfsi_plus_gutenberg_text_before_share":"","sfsi_plus_gutenberg_show_text_before_share":"","sfsi_plus_gutenberg_icon_type":"","sfsi_plus_gutenberg_icon_alignemt":"","sfsi_plus_gutenburg_max_per_row":"","footnotes":""},"categories":[2],"tags":[],"class_list":["post-162674","post","type-post","status-publish","format-standard","has-post-thumbnail","hentry","category-geral"],"_links":{"self":[{"href":"https:\/\/www.caririemacao.com\/1\/wp-json\/wp\/v2\/posts\/162674","targetHints":{"allow":["GET"]}}],"collection":[{"href":"https:\/\/www.caririemacao.com\/1\/wp-json\/wp\/v2\/posts"}],"about":[{"href":"https:\/\/www.caririemacao.com\/1\/wp-json\/wp\/v2\/types\/post"}],"author":[{"embeddable":true,"href":"https:\/\/www.caririemacao.com\/1\/wp-json\/wp\/v2\/users\/2"}],"replies":[{"embeddable":true,"href":"https:\/\/www.caririemacao.com\/1\/wp-json\/wp\/v2\/comments?post=162674"}],"version-history":[{"count":1,"href":"https:\/\/www.caririemacao.com\/1\/wp-json\/wp\/v2\/posts\/162674\/revisions"}],"predecessor-version":[{"id":162676,"href":"https:\/\/www.caririemacao.com\/1\/wp-json\/wp\/v2\/posts\/162674\/revisions\/162676"}],"wp:featuredmedia":[{"embeddable":true,"href":"https:\/\/www.caririemacao.com\/1\/wp-json\/wp\/v2\/media\/162675"}],"wp:attachment":[{"href":"https:\/\/www.caririemacao.com\/1\/wp-json\/wp\/v2\/media?parent=162674"}],"wp:term":[{"taxonomy":"category","embeddable":true,"href":"https:\/\/www.caririemacao.com\/1\/wp-json\/wp\/v2\/categories?post=162674"},{"taxonomy":"post_tag","embeddable":true,"href":"https:\/\/www.caririemacao.com\/1\/wp-json\/wp\/v2\/tags?post=162674"}],"curies":[{"name":"wp","href":"https:\/\/api.w.org\/{rel}","templated":true}]}}