{"id":162690,"date":"2020-04-07T11:14:40","date_gmt":"2020-04-07T14:14:40","guid":{"rendered":"http:\/\/www.caririemacao.com\/1\/?p=162690"},"modified":"2020-04-07T11:14:42","modified_gmt":"2020-04-07T14:14:42","slug":"energisa-inicia-projeto-movimento-energia-do-bem-com-acoes-na-paraiba","status":"publish","type":"post","link":"https:\/\/www.caririemacao.com\/1\/2020\/04\/07\/energisa-inicia-projeto-movimento-energia-do-bem-com-acoes-na-paraiba\/","title":{"rendered":"Energisa inicia projeto Movimento Energia do Bem com a\u00e7\u00f5es na Para\u00edba"},"content":{"rendered":"\n<p>As primeiras a\u00e7\u00f5es do movimento Energia do Bem, criado pela Energisa para ajudar no combate \u00e0 pandemia de Covid-19, j\u00e1 est\u00e3o acontecendo na Para\u00edba. A empresa reuniu um time de especialistas, entre t\u00e9cnicos, eletricistas, supervisores e coordenadores para apoiarem a prefeitura de Jo\u00e3o Pessoa na reabertura do HTOP e Hospital Treze de Maio.&nbsp;<\/p>\n\n\n\n<p>Essa foi a primeira iniciativa do movimento no estado.&nbsp; As equipes da Energisa v\u00eam ajudando acelerar as obras, viabilizando e promovendo melhorias em toda parte el\u00e9trica interna e externa dos pr\u00e9dios, que ser\u00e3o destinados a pacientes que busquem tratamento para o coronav\u00edrus. \u201cMais do que o nosso papel com prestadora de servi\u00e7o p\u00fablico, \u00e9 nosso papel como cidad\u00e3o. O que pudermos fazer para ajudar a sociedade, faremos\u201d, declara Ricardo Charbel, diretor-presidente da Energisa na Para\u00edba.&nbsp;&nbsp;<\/p>\n\n\n\n<p>Al\u00e9m disso, a Energisa Para\u00edba vai doar 12 ventiladores pulmonares para o Governo do Estado, os quais ser\u00e3o destinados ao Hospital Universit\u00e1rio Lauro Wanderley (HU), em Jo\u00e3o Pessoa.&nbsp;<\/p>\n\n\n\n<p>A iniciativa, realizada com recursos pr\u00f3prios da distribuidora, tem como objetivo aumentar os leitos hospitalares do Estado e prestar um melhor e mais \u00e1gil atendimento \u00e0queles que venham precisar.&nbsp;<\/p>\n\n\n\n<p>O Grupo Energisa criou o Energia do Bem para viabilizar a\u00e7\u00f5es emergenciais que ajudem a superar a crise humanit\u00e1ria provocada pela doen\u00e7a. Trata-se de uma rede de atua\u00e7\u00e3o org\u00e2nica, que j\u00e1 re\u00fane 13 parceiros, envolvidos em iniciativas que incluem doa\u00e7\u00e3o e manuten\u00e7\u00e3o de ventiladores pulmonares, obras el\u00e9tricas em unidades p\u00fablicas de sa\u00fade e capta\u00e7\u00e3o de recursos para assist\u00eancia a idosos. Tamb\u00e9m foi criado o portal Energia do Bem, com informa\u00e7\u00f5es confi\u00e1veis sobre a doen\u00e7a e conte\u00fado para reduzir os impactos do isolamento social.&nbsp;<\/p>\n\n\n\n<p>O Grupo Energisa investir\u00e1 R$ 5 milh\u00f5es no movimento em todos os estados onde atua. Os recursos ser\u00e3o aplicados em diversas frentes mapeadas junto ao poder p\u00fablico local. Na Para\u00edba, ainda est\u00e3o previstas outras atividades para acontecer, todas no \u00e2mbito da sa\u00fade, contribui\u00e7\u00e3o social e cultura local.&nbsp;<\/p>\n\n\n\n<p>\u201cO foco \u00e9 sempre em a\u00e7\u00f5es org\u00e2nicas e din\u00e2micas, mas articuladas com as necessidades do poder p\u00fablico em cada localidade\u201d, afirma a Vice-Presidente de Gente e Gest\u00e3o do Grupo Energisa, Daniele Salom\u00e3o.&nbsp;<\/p>\n\n\n\n<p>Entre os parceiros envolvidos no movimento est\u00e3o Confedera\u00e7\u00e3o Nacional da Ind\u00fastria (CNI), IEL \u2013 Instituto Euvaldo Lodi, Sesi\/Senai e Ag\u00eancia de Desenvolvimento do Polo Audiovisual da Zona da Mata (MG) e Evo\u00e9. A Unesco far\u00e1 uma curadoria de conte\u00fados educativos para o portal.&nbsp;<\/p>\n\n\n\n<p>\u201cAssim como fazemos todos os dias, estamos com equipes em campo, todos tomando as devidas precau\u00e7\u00f5es, mas atuando, 24h por dia, para levar conforto e seguran\u00e7a aos paraibanos. E o que pudermos fazer para ajudar o estado, faremos\u201d, conclui Charbel.<\/p>\n\n\n\n<p><strong>Sobre a Energisa<\/strong>&nbsp;<\/p>\n\n\n\n<p>Com 115 anos de hist\u00f3ria, o Grupo Energisa \u00e9 o 5\u00ba maior em distribui\u00e7\u00e3o de energia el\u00e9trica. Uma das primeiras empresas a abrir capital no Brasil, a companhia controla 11 distribuidoras em Minas Gerais, Para\u00edba, Rio de Janeiro, Sergipe, Mato Grosso, Mato Grosso do Sul, Tocantins, S\u00e3o Paulo, Paran\u00e1, Rond\u00f4nia e Acre. Com receita l\u00edquida anual de R$ 16,9 bilh\u00f5es (ano 2019), o Grupo atende a 7,8 milh\u00f5es de clientes (o que representa uma popula\u00e7\u00e3o atendida de quase 20 milh\u00f5es de pessoas) em 862 munic\u00edpios de todas as regi\u00f5es do Brasil, al\u00e9m de gerar aproximadamente 19 mil empregos diretos e indiretos.&nbsp;<\/p>\n\n\n\n<p>Com a miss\u00e3o de transformar energia em conforto, desenvolvimento e oportunidades de forma sustent\u00e1vel, respons\u00e1vel e \u00e9tica, a Energisa atua com um portf\u00f3lio diversificado que engloba distribui\u00e7\u00e3o, gera\u00e7\u00e3o, transmiss\u00e3o, servi\u00e7os para o setor el\u00e9trico (Energisa Solu\u00e7\u00f5es), servi\u00e7os especializados de Call Center (Multi Energisa), comercializa\u00e7\u00e3o de energia (Energisa Comercializadora) e solu\u00e7\u00f5es em energias renov\u00e1veis (Alsol).<\/p>\n","protected":false},"excerpt":{"rendered":"<p>As primeiras a\u00e7\u00f5es do movimento Energia do Bem, criado pela Energisa para ajudar no combate \u00e0 pandemia de Covid-19, j\u00e1 est\u00e3o acontecendo na Para\u00edba. A&hellip; <\/p>\n","protected":false},"author":2,"featured_media":162691,"comment_status":"closed","ping_status":"closed","sticky":false,"template":"","format":"standard","meta":{"sfsi_plus_gutenberg_text_before_share":"","sfsi_plus_gutenberg_show_text_before_share":"","sfsi_plus_gutenberg_icon_type":"","sfsi_plus_gutenberg_icon_alignemt":"","sfsi_plus_gutenburg_max_per_row":"","footnotes":""},"categories":[2],"tags":[],"class_list":["post-162690","post","type-post","status-publish","format-standard","has-post-thumbnail","hentry","category-geral"],"_links":{"self":[{"href":"https:\/\/www.caririemacao.com\/1\/wp-json\/wp\/v2\/posts\/162690","targetHints":{"allow":["GET"]}}],"collection":[{"href":"https:\/\/www.caririemacao.com\/1\/wp-json\/wp\/v2\/posts"}],"about":[{"href":"https:\/\/www.caririemacao.com\/1\/wp-json\/wp\/v2\/types\/post"}],"author":[{"embeddable":true,"href":"https:\/\/www.caririemacao.com\/1\/wp-json\/wp\/v2\/users\/2"}],"replies":[{"embeddable":true,"href":"https:\/\/www.caririemacao.com\/1\/wp-json\/wp\/v2\/comments?post=162690"}],"version-history":[{"count":1,"href":"https:\/\/www.caririemacao.com\/1\/wp-json\/wp\/v2\/posts\/162690\/revisions"}],"predecessor-version":[{"id":162692,"href":"https:\/\/www.caririemacao.com\/1\/wp-json\/wp\/v2\/posts\/162690\/revisions\/162692"}],"wp:featuredmedia":[{"embeddable":true,"href":"https:\/\/www.caririemacao.com\/1\/wp-json\/wp\/v2\/media\/162691"}],"wp:attachment":[{"href":"https:\/\/www.caririemacao.com\/1\/wp-json\/wp\/v2\/media?parent=162690"}],"wp:term":[{"taxonomy":"category","embeddable":true,"href":"https:\/\/www.caririemacao.com\/1\/wp-json\/wp\/v2\/categories?post=162690"},{"taxonomy":"post_tag","embeddable":true,"href":"https:\/\/www.caririemacao.com\/1\/wp-json\/wp\/v2\/tags?post=162690"}],"curies":[{"name":"wp","href":"https:\/\/api.w.org\/{rel}","templated":true}]}}