{"id":162693,"date":"2020-04-07T11:17:26","date_gmt":"2020-04-07T14:17:26","guid":{"rendered":"http:\/\/www.caririemacao.com\/1\/?p=162693"},"modified":"2020-04-07T11:17:29","modified_gmt":"2020-04-07T14:17:29","slug":"tire-as-duvidas-sobre-o-auxilio-emergencial-do-governo-federal","status":"publish","type":"post","link":"https:\/\/www.caririemacao.com\/1\/2020\/04\/07\/tire-as-duvidas-sobre-o-auxilio-emergencial-do-governo-federal\/","title":{"rendered":"Tire as d\u00favidas sobre o aux\u00edlio emergencial do governo federal"},"content":{"rendered":"\n<p>O presidente Jair Bolsonaro sancionou, dias atr\u00e1s, a Medida Provis\u00f3ria (MP) que cria uma renda b\u00e1sica emergencial de R$ 600 aos trabalhadores informais, aut\u00f4nomos e sem renda fixa, durante a crise provocada pela pandemia do novo coronav\u00edrus.<\/p>\n\n\n\n<p>O&nbsp;<a href=\"https:\/\/paraibaonline.com.br\/2020\/04\/veja-como-baixar-o-aplicativo-para-receber-o-auxilio-de-r-60000-do-governo-federal\/\">pagamento ser\u00e1 efetuado ao longo de tr\u00eas meses<\/a>, com operacionaliza\u00e7\u00e3o pelas redes dos bancos p\u00fablicos federais: Caixa Econ\u00f4mica Federal, casas lot\u00e9ricas, Banco do Brasil (BB), Banco da Amaz\u00f4nia (Basa) e Banco do Nordeste (BNB), ap\u00f3s o cruzamento de dados para definir quem tem direito ao benef\u00edcio.<\/p>\n\n\n\n<p>Pelas regras contidas no projeto de aux\u00edlio emergencial aprovado pelo Congresso, os trabalhadores dever\u00e3o cumprir alguns crit\u00e9rios, em conjunto, para ter direito benef\u00edcio, como n\u00e3o ter emprego formal; n\u00e3o receber benef\u00edcio previdenci\u00e1rio ou assistencial, seguro-desemprego ou de outro programa de transfer\u00eancia de renda federal, com exce\u00e7\u00e3o do Bolsa Fam\u00edlia; ter renda familiar mensal per capita (por pessoa) de at\u00e9 meio sal\u00e1rio m\u00ednimo (R$ 522,50) ou renda familiar mensal total (tudo o que a fam\u00edlia recebe) de at\u00e9 tr\u00eas sal\u00e1rios m\u00ednimos (R$ 3.135,00); e n\u00e3o ter recebido rendimentos tribut\u00e1veis, no ano de 2018, acima de R$ 28.559,70.<\/p>\n\n\n\n<p>Para explicar de forma detalhada e did\u00e1tica o acesso a esse benef\u00edcio, o advogado Rubens Nascimento (foto), secret\u00e1rio adjunto de A\u00e7\u00e3o Social da Prefeitura de Campina Grande, gravou dois v\u00eddeos.<\/p>\n\n\n\n<p>Assista e tire as suas d\u00favidas sobre o cadastramento dos trabalhadores aut\u00f4nomos e informais para o recebimento do aux\u00edlio num v\u00eddeo.<\/p>\n\n\n\n<p>O segundo v\u00eddeo detalha ainda mais essas medidas governamentais.<\/p>\n\n\n\n<figure><iframe data-src=\"https:\/\/www.youtube.com\/embed\/3hUAcwA4SGw?feature=oembed\" allowfullscreen=\"\" src=\"data:image\/svg+xml;base64,PHN2ZyB3aWR0aD0iMSIgaGVpZ2h0PSIxIiB4bWxucz0iaHR0cDovL3d3dy53My5vcmcvMjAwMC9zdmciPjwvc3ZnPg==\" class=\"lazyload\" data-load-mode=\"1\"><\/iframe><\/figure>\n\n\n\n<figure><iframe data-src=\"https:\/\/www.youtube.com\/embed\/wcceTO6jzZM?feature=oembed\" allowfullscreen=\"\" src=\"data:image\/svg+xml;base64,PHN2ZyB3aWR0aD0iMSIgaGVpZ2h0PSIxIiB4bWxucz0iaHR0cDovL3d3dy53My5vcmcvMjAwMC9zdmciPjwvc3ZnPg==\" class=\"lazyload\" data-load-mode=\"1\"><\/iframe><\/figure>\n","protected":false},"excerpt":{"rendered":"<p>O presidente Jair Bolsonaro sancionou, dias atr\u00e1s, a Medida Provis\u00f3ria (MP) que cria uma renda b\u00e1sica emergencial de R$ 600 aos trabalhadores informais, aut\u00f4nomos e&hellip; <\/p>\n","protected":false},"author":2,"featured_media":162694,"comment_status":"closed","ping_status":"closed","sticky":false,"template":"","format":"standard","meta":{"sfsi_plus_gutenberg_text_before_share":"","sfsi_plus_gutenberg_show_text_before_share":"","sfsi_plus_gutenberg_icon_type":"","sfsi_plus_gutenberg_icon_alignemt":"","sfsi_plus_gutenburg_max_per_row":"","footnotes":""},"categories":[2],"tags":[],"class_list":["post-162693","post","type-post","status-publish","format-standard","has-post-thumbnail","hentry","category-geral"],"_links":{"self":[{"href":"https:\/\/www.caririemacao.com\/1\/wp-json\/wp\/v2\/posts\/162693","targetHints":{"allow":["GET"]}}],"collection":[{"href":"https:\/\/www.caririemacao.com\/1\/wp-json\/wp\/v2\/posts"}],"about":[{"href":"https:\/\/www.caririemacao.com\/1\/wp-json\/wp\/v2\/types\/post"}],"author":[{"embeddable":true,"href":"https:\/\/www.caririemacao.com\/1\/wp-json\/wp\/v2\/users\/2"}],"replies":[{"embeddable":true,"href":"https:\/\/www.caririemacao.com\/1\/wp-json\/wp\/v2\/comments?post=162693"}],"version-history":[{"count":1,"href":"https:\/\/www.caririemacao.com\/1\/wp-json\/wp\/v2\/posts\/162693\/revisions"}],"predecessor-version":[{"id":162695,"href":"https:\/\/www.caririemacao.com\/1\/wp-json\/wp\/v2\/posts\/162693\/revisions\/162695"}],"wp:featuredmedia":[{"embeddable":true,"href":"https:\/\/www.caririemacao.com\/1\/wp-json\/wp\/v2\/media\/162694"}],"wp:attachment":[{"href":"https:\/\/www.caririemacao.com\/1\/wp-json\/wp\/v2\/media?parent=162693"}],"wp:term":[{"taxonomy":"category","embeddable":true,"href":"https:\/\/www.caririemacao.com\/1\/wp-json\/wp\/v2\/categories?post=162693"},{"taxonomy":"post_tag","embeddable":true,"href":"https:\/\/www.caririemacao.com\/1\/wp-json\/wp\/v2\/tags?post=162693"}],"curies":[{"name":"wp","href":"https:\/\/api.w.org\/{rel}","templated":true}]}}