{"id":162703,"date":"2020-04-07T11:24:23","date_gmt":"2020-04-07T14:24:23","guid":{"rendered":"http:\/\/www.caririemacao.com\/1\/?p=162703"},"modified":"2020-04-07T11:24:24","modified_gmt":"2020-04-07T14:24:24","slug":"governadores-do-nordeste-cobram-agilidade-do-ministerio-da-saude","status":"publish","type":"post","link":"https:\/\/www.caririemacao.com\/1\/2020\/04\/07\/governadores-do-nordeste-cobram-agilidade-do-ministerio-da-saude\/","title":{"rendered":"Governadores  do Nordeste cobram agilidade do Minist\u00e9rio da Sa\u00fade"},"content":{"rendered":"\n<p>Governadores do Nordeste se reuniram nessa segunda-feira (6) para mais uma videoconfer\u00eancia onde discutiram a implanta\u00e7\u00e3o das medidas de combate ao novo coronav\u00edrus. Nesta ter\u00e7a-feira (7) os gestores v\u00e3o encaminhar um of\u00edcio ao Minist\u00e9rio da Sa\u00fade cobrando agilidade nas medidas j\u00e1 anunciadas. O teor do documento deve ser divulgado hoje.<\/p>\n\n\n\n<figure><iframe data-src=\"https:\/\/tpc.googlesyndication.com\/safeframe\/1-0-37\/html\/container.html\" width=\"1\" height=\"1\" src=\"data:image\/svg+xml;base64,PHN2ZyB3aWR0aD0iMSIgaGVpZ2h0PSIxIiB4bWxucz0iaHR0cDovL3d3dy53My5vcmcvMjAwMC9zdmciPjwvc3ZnPg==\" class=\"lazyload\" data-load-mode=\"1\"><\/iframe><\/figure>\n\n\n\n<p>Em carta anterior, os governadores da regi\u00e3o j\u00e1 criticaram o que consideraram \u201comiss\u00e3o\u201d do presidente da Rep\u00fablica, Jair Bolsonaro, diante da&nbsp; pandemia do coronav\u00edrus.<\/p>\n\n\n\n<p><strong>MaisPB<\/strong><\/p>\n","protected":false},"excerpt":{"rendered":"<p>Governadores do Nordeste se reuniram nessa segunda-feira (6) para mais uma videoconfer\u00eancia onde discutiram a implanta\u00e7\u00e3o das medidas de combate ao novo coronav\u00edrus. Nesta ter\u00e7a-feira&hellip; <\/p>\n","protected":false},"author":2,"featured_media":162704,"comment_status":"closed","ping_status":"closed","sticky":false,"template":"","format":"standard","meta":{"sfsi_plus_gutenberg_text_before_share":"","sfsi_plus_gutenberg_show_text_before_share":"","sfsi_plus_gutenberg_icon_type":"","sfsi_plus_gutenberg_icon_alignemt":"","sfsi_plus_gutenburg_max_per_row":"","footnotes":""},"categories":[2],"tags":[],"class_list":["post-162703","post","type-post","status-publish","format-standard","has-post-thumbnail","hentry","category-geral"],"_links":{"self":[{"href":"https:\/\/www.caririemacao.com\/1\/wp-json\/wp\/v2\/posts\/162703","targetHints":{"allow":["GET"]}}],"collection":[{"href":"https:\/\/www.caririemacao.com\/1\/wp-json\/wp\/v2\/posts"}],"about":[{"href":"https:\/\/www.caririemacao.com\/1\/wp-json\/wp\/v2\/types\/post"}],"author":[{"embeddable":true,"href":"https:\/\/www.caririemacao.com\/1\/wp-json\/wp\/v2\/users\/2"}],"replies":[{"embeddable":true,"href":"https:\/\/www.caririemacao.com\/1\/wp-json\/wp\/v2\/comments?post=162703"}],"version-history":[{"count":1,"href":"https:\/\/www.caririemacao.com\/1\/wp-json\/wp\/v2\/posts\/162703\/revisions"}],"predecessor-version":[{"id":162705,"href":"https:\/\/www.caririemacao.com\/1\/wp-json\/wp\/v2\/posts\/162703\/revisions\/162705"}],"wp:featuredmedia":[{"embeddable":true,"href":"https:\/\/www.caririemacao.com\/1\/wp-json\/wp\/v2\/media\/162704"}],"wp:attachment":[{"href":"https:\/\/www.caririemacao.com\/1\/wp-json\/wp\/v2\/media?parent=162703"}],"wp:term":[{"taxonomy":"category","embeddable":true,"href":"https:\/\/www.caririemacao.com\/1\/wp-json\/wp\/v2\/categories?post=162703"},{"taxonomy":"post_tag","embeddable":true,"href":"https:\/\/www.caririemacao.com\/1\/wp-json\/wp\/v2\/tags?post=162703"}],"curies":[{"name":"wp","href":"https:\/\/api.w.org\/{rel}","templated":true}]}}