{"id":162707,"date":"2020-04-07T11:27:53","date_gmt":"2020-04-07T14:27:53","guid":{"rendered":"http:\/\/www.caririemacao.com\/1\/?p=162707"},"modified":"2020-04-07T11:27:55","modified_gmt":"2020-04-07T14:27:55","slug":"inss-antecipa-pagamento-de-auxilio-doenca","status":"publish","type":"post","link":"https:\/\/www.caririemacao.com\/1\/2020\/04\/07\/inss-antecipa-pagamento-de-auxilio-doenca\/","title":{"rendered":"INSS antecipa pagamento de aux\u00edlio-doen\u00e7a"},"content":{"rendered":"\n<p> O\u00a0<em><a rel=\"noreferrer noopener\" href=\"http:\/\/www.in.gov.br\/en\/web\/dou\/-\/portaria-conjunta-n-9.381-de-6-de-abril-de-2020-251490475\" target=\"_blank\">Di\u00e1rio Oficial da Uni\u00e3o\u00a0<\/a><\/em>traz portaria que disciplina a antecipa\u00e7\u00e3o de um sal\u00e1rio m\u00ednimo mensal ao requerente de aux\u00edlio-doen\u00e7a ao Instituto Nacional do Seguro Social (INSS).<\/p>\n\n\n\n<p>Segundo a portaria, a antecipa\u00e7\u00e3o ser\u00e1 devida a partir da data de in\u00edcio do benef\u00edcio e ter\u00e1 dura\u00e7\u00e3o m\u00e1xima de tr\u00eas meses.<\/p>\n\n\n\n<p>Enquanto perdurar o regime de plant\u00e3o reduzido de atendimento nas ag\u00eancias da Previd\u00eancia Social, os requerimentos de aux\u00edlio-doen\u00e7a poder\u00e3o ser comprovados com atestado m\u00e9dico.<\/p>\n\n\n\n<p>Para requerer o aux\u00edlio-doen\u00e7a, o cidad\u00e3o deve anexar o atestado ao requerimento por meio do<em>&nbsp;site<\/em>&nbsp;ou aplicativo Meu INSS. Ser\u00e1 necess\u00e1rio apresentar declara\u00e7\u00e3o de responsabilidade pelo documento. O atestado dever\u00e1 estar leg\u00edvel e sem rasuras; conter a assinatura do profissional emitente e carimbo de identifica\u00e7\u00e3o, com registro do conselho de classe; conter as informa\u00e7\u00f5es sobre a doen\u00e7a ou Classifica\u00e7\u00e3o Internacional de Doen\u00e7as (CID); e conter o prazo estimado de repouso necess\u00e1rio.<\/p>\n\n\n\n<p>\u201cA emiss\u00e3o ou a apresenta\u00e7\u00e3o de atestado falso ou que contenha informa\u00e7\u00e3o falsa configura crime de falsidade documental e sujeitar\u00e1 os respons\u00e1veis \u00e0s san\u00e7\u00f5es penais e ao ressarcimento dos valores indevidamente recebidos\u201d, diz a portaria.<\/p>\n\n\n\n<p><\/p>\n","protected":false},"excerpt":{"rendered":"<p>O\u00a0Di\u00e1rio Oficial da Uni\u00e3o\u00a0traz portaria que disciplina a antecipa\u00e7\u00e3o de um sal\u00e1rio m\u00ednimo mensal ao requerente de aux\u00edlio-doen\u00e7a ao Instituto Nacional do Seguro Social (INSS).&hellip; <\/p>\n","protected":false},"author":2,"featured_media":162708,"comment_status":"closed","ping_status":"closed","sticky":false,"template":"","format":"standard","meta":{"sfsi_plus_gutenberg_text_before_share":"","sfsi_plus_gutenberg_show_text_before_share":"","sfsi_plus_gutenberg_icon_type":"","sfsi_plus_gutenberg_icon_alignemt":"","sfsi_plus_gutenburg_max_per_row":"","footnotes":""},"categories":[2],"tags":[],"class_list":["post-162707","post","type-post","status-publish","format-standard","has-post-thumbnail","hentry","category-geral"],"_links":{"self":[{"href":"https:\/\/www.caririemacao.com\/1\/wp-json\/wp\/v2\/posts\/162707","targetHints":{"allow":["GET"]}}],"collection":[{"href":"https:\/\/www.caririemacao.com\/1\/wp-json\/wp\/v2\/posts"}],"about":[{"href":"https:\/\/www.caririemacao.com\/1\/wp-json\/wp\/v2\/types\/post"}],"author":[{"embeddable":true,"href":"https:\/\/www.caririemacao.com\/1\/wp-json\/wp\/v2\/users\/2"}],"replies":[{"embeddable":true,"href":"https:\/\/www.caririemacao.com\/1\/wp-json\/wp\/v2\/comments?post=162707"}],"version-history":[{"count":1,"href":"https:\/\/www.caririemacao.com\/1\/wp-json\/wp\/v2\/posts\/162707\/revisions"}],"predecessor-version":[{"id":162709,"href":"https:\/\/www.caririemacao.com\/1\/wp-json\/wp\/v2\/posts\/162707\/revisions\/162709"}],"wp:featuredmedia":[{"embeddable":true,"href":"https:\/\/www.caririemacao.com\/1\/wp-json\/wp\/v2\/media\/162708"}],"wp:attachment":[{"href":"https:\/\/www.caririemacao.com\/1\/wp-json\/wp\/v2\/media?parent=162707"}],"wp:term":[{"taxonomy":"category","embeddable":true,"href":"https:\/\/www.caririemacao.com\/1\/wp-json\/wp\/v2\/categories?post=162707"},{"taxonomy":"post_tag","embeddable":true,"href":"https:\/\/www.caririemacao.com\/1\/wp-json\/wp\/v2\/tags?post=162707"}],"curies":[{"name":"wp","href":"https:\/\/api.w.org\/{rel}","templated":true}]}}