{"id":162716,"date":"2020-04-07T14:06:26","date_gmt":"2020-04-07T17:06:26","guid":{"rendered":"http:\/\/www.caririemacao.com\/1\/?p=162716"},"modified":"2020-04-07T14:06:28","modified_gmt":"2020-04-07T17:06:28","slug":"parceria-laboratorios-do-cdsa-ufcg-doam-mascaras-para-profissionais-da-saude-do-municipio-de-sume","status":"publish","type":"post","link":"https:\/\/www.caririemacao.com\/1\/2020\/04\/07\/parceria-laboratorios-do-cdsa-ufcg-doam-mascaras-para-profissionais-da-saude-do-municipio-de-sume\/","title":{"rendered":"Parceria: Laborat\u00f3rios do CDSA-UFCG doam m\u00e1scaras para profissionais da sa\u00fade do munic\u00edpio de Sum\u00e9"},"content":{"rendered":"\n<p>O Centro de Desenvolvimento Sustent\u00e1vel do Semi\u00e1rido (CDSA-UFCG), Campus Sum\u00e9, entregou m\u00e1scaras de prote\u00e7\u00e3o individual&nbsp;aos profissionais de&nbsp;sa\u00fade do&nbsp;Hospital e Maternidade Alice de Almeida (HMAA). A entrega foi feita pelo&nbsp;professor&nbsp;do Campus,&nbsp;R\u00f4mulo Augusto,&nbsp;nessa segunda-feira (06).<\/p>\n\n\n\n<div class=\"wp-block-image\"><figure class=\"aligncenter\"><a href=\"http:\/\/www.sume.pb.gov.br\/wp-content\/uploads\/2020\/04\/20200406_110840.jpg\"><img decoding=\"async\" data-src=\"http:\/\/www.sume.pb.gov.br\/wp-content\/uploads\/2020\/04\/20200406_110840-300x225.jpg\" alt=\"\" class=\"wp-image-9903 lazyload\" src=\"data:image\/svg+xml;base64,PHN2ZyB3aWR0aD0iMSIgaGVpZ2h0PSIxIiB4bWxucz0iaHR0cDovL3d3dy53My5vcmcvMjAwMC9zdmciPjwvc3ZnPg==\" style=\"--smush-placeholder-width: 300px; --smush-placeholder-aspect-ratio: 300\/225;\" \/><\/a><\/figure><\/div>\n\n\n\n<p>Estiveram presentes&nbsp;para receber os equipamentos,&nbsp;o diretor do HMAA,&nbsp;Deocl\u00e9cio Soares,&nbsp;as enfermeiras&nbsp;\u00c2ngela&nbsp;Maria&nbsp;e Diana Aquino,&nbsp;a secret\u00e1ria de Sa\u00fade&nbsp;do munic\u00edpio, Alessandra Regina e o secret\u00e1rio de Administra\u00e7\u00e3o, Bon\u00edlson Tim\u00f3teo.Foram&nbsp;entregues 20 m\u00e1scaras&nbsp;que visam&nbsp;ajudar&nbsp;os profissionais do&nbsp;hospital na preven\u00e7\u00e3o&nbsp;por&nbsp;contamina\u00e7\u00e3o&nbsp;do&nbsp;coronav\u00edrus.&nbsp;De acordo com&nbsp;o professor&nbsp;R\u00f4mulo, a&nbsp;confec\u00e7\u00e3o dos materiais faz parte de um projeto desenvolvido&nbsp;pelos Laborat\u00f3rios de Automa\u00e7\u00e3o e de Engenharia do Trabalho do CDSA com&nbsp;o objetivo&nbsp;de contribuir no&nbsp;combate&nbsp;ao&nbsp;Covid-19.&nbsp;At\u00e9 o momento, segundo ele, j\u00e1 foram produzidos dois lotes de&nbsp;EPIs, que s\u00e3o confeccionados em impressora 3D.<\/p>\n\n\n\n<p>Essa iniciativa&nbsp;do CDSA&nbsp;tem recebido o apoio incondicional da Prefeitura de Sum\u00e9, que al\u00e9m de garantir a compra das&nbsp;impressoras 3D, j\u00e1 se colocou \u00e0 disposi\u00e7\u00e3o da institui\u00e7\u00e3o&nbsp;de ensino&nbsp;em continuar com outras parcerias que venham contribuir com a melhoria de vida da popula\u00e7\u00e3o sumeense. \u201cEsse apoio tem sido fundamental para a execu\u00e7\u00e3o do projeto. Isso ajuda na produ\u00e7\u00e3o de m\u00e1scaras em larga escala, que ser\u00e1 poss\u00edvel atender n\u00e3o s\u00f3 o munic\u00edpio de Sum\u00e9, mas tamb\u00e9m a regi\u00e3o do cariri\u201d, afirmou o professor.<\/p>\n\n\n\n<div class=\"wp-block-image\"><figure class=\"aligncenter\"><a href=\"http:\/\/www.sume.pb.gov.br\/wp-content\/uploads\/2020\/04\/20200406_111837.jpg\"><img decoding=\"async\" data-src=\"http:\/\/www.sume.pb.gov.br\/wp-content\/uploads\/2020\/04\/20200406_111837-300x225.jpg\" alt=\"\" class=\"wp-image-9905 lazyload\" src=\"data:image\/svg+xml;base64,PHN2ZyB3aWR0aD0iMSIgaGVpZ2h0PSIxIiB4bWxucz0iaHR0cDovL3d3dy53My5vcmcvMjAwMC9zdmciPjwvc3ZnPg==\" style=\"--smush-placeholder-width: 300px; --smush-placeholder-aspect-ratio: 300\/225;\" \/><\/a><\/figure><\/div>\n\n\n\n<p>A&nbsp;enfermeira,&nbsp;\u00c2ngela&nbsp;Maria, agradeceu ao&nbsp;professor R\u00f4mulo e ao&nbsp;CDSA pela&nbsp;parceria. Segundo ela, as m\u00e1scaras ser\u00e3o de grande valia para a equipe do hospital poder desempenhar&nbsp;as&nbsp;suas fun\u00e7\u00f5es com mais seguran\u00e7a. \u00c2ngela ainda fez um apelo para que a&nbsp;popula\u00e7\u00e3o&nbsp;fique em casa.A secret\u00e1ria de Sa\u00fade, Alessandra Regina, agradeceu ao professor pela doa\u00e7\u00e3o dos EPIS, que&nbsp;contribuir\u00e3o&nbsp;para a&nbsp;prote\u00e7\u00e3o dos profissionais da sa\u00fade do munic\u00edpio, nesse momento crucial de combate ao coronav\u00edrus, afirmou.<\/p>\n\n\n\n<p>O secret\u00e1rio de Administra\u00e7\u00e3o, Bonilson Tim\u00f3teo, tamb\u00e9m acompanhou a entrega dos equipamentos, e no momento, ele destacou a import\u00e2ncia da a\u00e7\u00e3o para o enfrentamento da Covid-19&nbsp;e&nbsp;a parceria bem sucedida que h\u00e1 entre a gest\u00e3o do prefeito \u00c9den Duarte e&nbsp;o CDSA-UFCG.<\/p>\n\n\n\n<p>Ascom PMS<\/p>\n","protected":false},"excerpt":{"rendered":"<p>O Centro de Desenvolvimento Sustent\u00e1vel do Semi\u00e1rido (CDSA-UFCG), Campus Sum\u00e9, entregou m\u00e1scaras de prote\u00e7\u00e3o individual&nbsp;aos profissionais de&nbsp;sa\u00fade do&nbsp;Hospital e Maternidade Alice de Almeida (HMAA). A&hellip; <\/p>\n","protected":false},"author":2,"featured_media":162717,"comment_status":"closed","ping_status":"closed","sticky":false,"template":"","format":"standard","meta":{"sfsi_plus_gutenberg_text_before_share":"","sfsi_plus_gutenberg_show_text_before_share":"","sfsi_plus_gutenberg_icon_type":"","sfsi_plus_gutenberg_icon_alignemt":"","sfsi_plus_gutenburg_max_per_row":"","footnotes":""},"categories":[2],"tags":[],"class_list":["post-162716","post","type-post","status-publish","format-standard","has-post-thumbnail","hentry","category-geral"],"_links":{"self":[{"href":"https:\/\/www.caririemacao.com\/1\/wp-json\/wp\/v2\/posts\/162716","targetHints":{"allow":["GET"]}}],"collection":[{"href":"https:\/\/www.caririemacao.com\/1\/wp-json\/wp\/v2\/posts"}],"about":[{"href":"https:\/\/www.caririemacao.com\/1\/wp-json\/wp\/v2\/types\/post"}],"author":[{"embeddable":true,"href":"https:\/\/www.caririemacao.com\/1\/wp-json\/wp\/v2\/users\/2"}],"replies":[{"embeddable":true,"href":"https:\/\/www.caririemacao.com\/1\/wp-json\/wp\/v2\/comments?post=162716"}],"version-history":[{"count":1,"href":"https:\/\/www.caririemacao.com\/1\/wp-json\/wp\/v2\/posts\/162716\/revisions"}],"predecessor-version":[{"id":162718,"href":"https:\/\/www.caririemacao.com\/1\/wp-json\/wp\/v2\/posts\/162716\/revisions\/162718"}],"wp:featuredmedia":[{"embeddable":true,"href":"https:\/\/www.caririemacao.com\/1\/wp-json\/wp\/v2\/media\/162717"}],"wp:attachment":[{"href":"https:\/\/www.caririemacao.com\/1\/wp-json\/wp\/v2\/media?parent=162716"}],"wp:term":[{"taxonomy":"category","embeddable":true,"href":"https:\/\/www.caririemacao.com\/1\/wp-json\/wp\/v2\/categories?post=162716"},{"taxonomy":"post_tag","embeddable":true,"href":"https:\/\/www.caririemacao.com\/1\/wp-json\/wp\/v2\/tags?post=162716"}],"curies":[{"name":"wp","href":"https:\/\/api.w.org\/{rel}","templated":true}]}}