{"id":162721,"date":"2020-04-07T14:17:02","date_gmt":"2020-04-07T17:17:02","guid":{"rendered":"http:\/\/www.caririemacao.com\/1\/?p=162721"},"modified":"2020-04-07T14:17:05","modified_gmt":"2020-04-07T17:17:05","slug":"cerca-de-600-mil-trabalhadores-ja-se-cadastraram-para-receber-auxilio","status":"publish","type":"post","link":"https:\/\/www.caririemacao.com\/1\/2020\/04\/07\/cerca-de-600-mil-trabalhadores-ja-se-cadastraram-para-receber-auxilio\/","title":{"rendered":"Cerca de 600 mil trabalhadores j\u00e1 se cadastraram para receber aux\u00edlio"},"content":{"rendered":"\n<p>Cerca de 600 mil trabalhadores informais j\u00e1 se cadastram na manh\u00e3 de hoje (7) para receber o aux\u00edlio emergencial anunciado na semana passada pelo governo federal. A previs\u00e3o do governo \u00e9 que entre 15 milh\u00f5es e 20 milh\u00f5es de trabalhadores informais fa\u00e7am o cadastro para receber o benef\u00edcio.&nbsp;<\/p>\n\n\n\n<p>O site e o aplicativo para fazer o cadastramento j\u00e1 est\u00e3o dispon\u00edveis. As pessoas que n\u00e3o estavam no Cadastro \u00danico at\u00e9 20\/03, mas que t\u00eam direito ao aux\u00edlio, poder\u00e3o se cadastrar tamb\u00e9m pelo aplicativo CAIXA|Aux\u00edlio Emergencial. A Caixa disponibilizou ainda a central 111 para tirar d\u00favidas sobre como fazer o cadastramento.&nbsp;<\/p>\n\n\n\n<p>Ap\u00f3s essa etapa, a expectativa do ministro da Cidadania, Onyx Lorenzoni, \u00e9 que em quatro ou cinco dias \u00fateis o benef\u00edcio possa ser liberado.&nbsp;<\/p>\n\n\n\n<p>O aplicativo pode ser baixado gratuitamente. De acordo com o ministro, houve um acordo com empresas de telefonia para que mesmo as pessoas sem cr\u00e9dito no celular possam baixar o aplicativo.&nbsp;<\/p>\n\n\n\n<p><strong>Aux\u00edlio emergencial<\/strong><\/p>\n\n\n\n<p>Na \u00faltima quinta-feira (2), foi publicada a lei que prev\u00ea o pagamento de uma renda b\u00e1sica emergencial no valor R$ 600 a trabalhadores informais, aut\u00f4nomos e sem renda fixa, durante a crise provocada pela pandemia do novo coronav\u00edrus. O texto foi sancionado pelo presidente Jair Bolsonaro com tr\u00eas vetos, mas nenhum altera o valor ou os crit\u00e9rios para participa\u00e7\u00e3o no programa.<\/p>\n\n\n\n<p>O pagamento do benef\u00edcio ser\u00e1 feito ao longo de tr\u00eas meses (tr\u00eas parcelas), com operacionaliza\u00e7\u00e3o final pelas redes dos bancos p\u00fablicos federais: Caixa Econ\u00f4mica Federal, Banco do Brasil (BB), Banco da Amaz\u00f4nia (Basa) e Banco do Nordeste (BNB), al\u00e9m de casas lot\u00e9ricas, ap\u00f3s o cruzamento de dados para definir quem tem direito ao benef\u00edcio. O recebimento do aux\u00edlio emergencial est\u00e1 limitado a dois membros da mesma fam\u00edlia.<\/p>\n\n\n\n<p><strong>Aplicativo dispon\u00edvel<\/strong><br>J\u00e1 est\u00e1 dispon\u00edvel, desde as 9h de hoje, o aplicativo da Caixa Econ\u00f4mica que pode ser baixado por trabalhadores informais n\u00e3o inscritos em programas sociais. O governo estima que de 15 milh\u00f5es a 20 milh\u00f5es de trabalhadores se cadastrem para receber a renda b\u00e1sica emergencial. O aux\u00edlio de R$ 600 pode chegar a R$ 1,2 mil para m\u00e3es solteiras.<\/p>\n\n\n\n<p>A Caixa tamb\u00e9m lan\u00e7ar\u00e1 uma p\u00e1gina na internet e uma central de atendimento telef\u00f4nico para a retirada de d\u00favidas e a realiza\u00e7\u00e3o do cadastro.&nbsp;<\/p>\n\n\n\n<p><strong>Boletim mais recente<\/strong><\/p>\n\n\n\n<p>De acordo com o \u00faltimo boletim sobre a situa\u00e7\u00e3o da pandemia no pa\u00eds, divulgado nessa segunda-feira (6) pelo governo, o Brasil chegou a 553 mortes, com um aumento de 13% em rela\u00e7\u00e3o ao dia anterior (486).&nbsp;<\/p>\n\n\n\n<p>O n\u00famero de casos da infec\u00e7\u00e3o subiu para 12.056, com um crescimento de 8% em rela\u00e7\u00e3o a domingo, quando o balan\u00e7o do Minist\u00e9rio da Sa\u00fade marcou 11.130. A taxa de letalidade do pa\u00eds ficou em 4,4%.<\/p>\n","protected":false},"excerpt":{"rendered":"<p>Cerca de 600 mil trabalhadores informais j\u00e1 se cadastram na manh\u00e3 de hoje (7) para receber o aux\u00edlio emergencial anunciado na semana passada pelo governo&hellip; <\/p>\n","protected":false},"author":2,"featured_media":71601,"comment_status":"closed","ping_status":"closed","sticky":false,"template":"","format":"standard","meta":{"sfsi_plus_gutenberg_text_before_share":"","sfsi_plus_gutenberg_show_text_before_share":"","sfsi_plus_gutenberg_icon_type":"","sfsi_plus_gutenberg_icon_alignemt":"","sfsi_plus_gutenburg_max_per_row":"","footnotes":""},"categories":[2],"tags":[],"class_list":["post-162721","post","type-post","status-publish","format-standard","has-post-thumbnail","hentry","category-geral"],"_links":{"self":[{"href":"https:\/\/www.caririemacao.com\/1\/wp-json\/wp\/v2\/posts\/162721","targetHints":{"allow":["GET"]}}],"collection":[{"href":"https:\/\/www.caririemacao.com\/1\/wp-json\/wp\/v2\/posts"}],"about":[{"href":"https:\/\/www.caririemacao.com\/1\/wp-json\/wp\/v2\/types\/post"}],"author":[{"embeddable":true,"href":"https:\/\/www.caririemacao.com\/1\/wp-json\/wp\/v2\/users\/2"}],"replies":[{"embeddable":true,"href":"https:\/\/www.caririemacao.com\/1\/wp-json\/wp\/v2\/comments?post=162721"}],"version-history":[{"count":1,"href":"https:\/\/www.caririemacao.com\/1\/wp-json\/wp\/v2\/posts\/162721\/revisions"}],"predecessor-version":[{"id":162723,"href":"https:\/\/www.caririemacao.com\/1\/wp-json\/wp\/v2\/posts\/162721\/revisions\/162723"}],"wp:featuredmedia":[{"embeddable":true,"href":"https:\/\/www.caririemacao.com\/1\/wp-json\/wp\/v2\/media\/71601"}],"wp:attachment":[{"href":"https:\/\/www.caririemacao.com\/1\/wp-json\/wp\/v2\/media?parent=162721"}],"wp:term":[{"taxonomy":"category","embeddable":true,"href":"https:\/\/www.caririemacao.com\/1\/wp-json\/wp\/v2\/categories?post=162721"},{"taxonomy":"post_tag","embeddable":true,"href":"https:\/\/www.caririemacao.com\/1\/wp-json\/wp\/v2\/tags?post=162721"}],"curies":[{"name":"wp","href":"https:\/\/api.w.org\/{rel}","templated":true}]}}