{"id":162729,"date":"2020-04-07T14:20:24","date_gmt":"2020-04-07T17:20:24","guid":{"rendered":"http:\/\/www.caririemacao.com\/1\/?p=162729"},"modified":"2020-04-07T14:20:27","modified_gmt":"2020-04-07T17:20:27","slug":"redes-sociais-whatsapp-reduz-ainda-mais-o-encaminhamento-de-mensagens","status":"publish","type":"post","link":"https:\/\/www.caririemacao.com\/1\/2020\/04\/07\/redes-sociais-whatsapp-reduz-ainda-mais-o-encaminhamento-de-mensagens\/","title":{"rendered":"Redes sociais: WhatsApp reduz ainda mais o encaminhamento de mensagens"},"content":{"rendered":"\n<p>O WhatsApp anunciou nesta ter\u00e7a-feira (7) que vai limitar o encaminhamento de mensagens no aplicativo para evitar a propaga\u00e7\u00e3o de not\u00edcias falsas. A medida resulta do cen\u00e1rio de desinforma\u00e7\u00e3o na plataforma durante a epidemia do novo coronav\u00edrus.<\/p>\n\n\n\n<p>A partir de agora, n\u00e3o ser\u00e1 mais poss\u00edvel encaminhar uma mensagem que foi retransmitida diversas vezes a cinco destinat\u00e1rios, mas a apenas um.<\/p>\n\n\n\n<p>A mudan\u00e7a vale para as chamadas mensagens encaminhadas com frequ\u00eancia, que s\u00e3o rotuladas no aplicativo com setas duplas. Essas setas indicam que a mensagem n\u00e3o se originou de um contato pr\u00f3ximo.<\/p>\n\n\n\n<p>\u201cAgora, estamos introduzindo um limite para que essas mensagens possam ser encaminhadas para apenas uma conversa por vez\u201d, diz o WhatsApp.<\/p>\n\n\n\n<p>A empresa afirma ter observado aumento significativo na quantidade de encaminhamentos, o que \u201cpode fazer com que os usu\u00e1rios se sintam sob press\u00e3o, al\u00e9m de contribuir para a dissemina\u00e7\u00e3o de informa\u00e7\u00f5es erradas\u201d.<\/p>\n\n\n\n<p>Essa \u00e9 a terceira vez que o mensageiro, que pertence ao Facebook, altera o n\u00famero de vezes que um conte\u00fado pode ser transmitido na plataforma. As mudan\u00e7as s\u00e3o sempre respostas a crises.<\/p>\n\n\n\n<p>O repasse n\u00e3o tinha limite at\u00e9 ser reduzido para 20, ap\u00f3s um linchamento na \u00cdndia (defendido por usu\u00e1rios da plataforma); no in\u00edcio de 2019, o n\u00famero caiu para cinco, depois de epis\u00f3dios de disparos em massa durante as elei\u00e7\u00f5es brasileiras em 2018.<\/p>\n\n\n\n<p>Um estudo recente feito em parceria pelos projetos Elei\u00e7\u00f5es Sem Fake, do Departamento de Ci\u00eancia da Computa\u00e7\u00e3o da UFMG, e Monitor do Debate Pol\u00edtico no Meio Digital, da USP, identificou que quatro de 10 \u00e1udios mais compartilhados sobre coronav\u00edrus no Brasil s\u00e3o negacionistas.<\/p>\n\n\n\n<p>O grupo analisou 2.108 \u00e1udios que circularam de 24 e 28 de mar\u00e7o, em 522 grupos p\u00fablicos de WhatsApp, com a participa\u00e7\u00e3o de mais de 18 mil usu\u00e1rios ativos.<\/p>\n\n\n\n<p>Os conte\u00fados t\u00eam supostos depoimentos de m\u00e9dicos e testemunhas que afirmam que as CTIs est\u00e3o vazias, as funer\u00e1rias est\u00e3o sem corpos e os mortos por acidente est\u00e3o sendo contabilizados como mortos pelo v\u00edrus.<\/p>\n\n\n\n<p>O professor de gest\u00e3o de pol\u00edticas p\u00fablicas da USP e colunista da Folha Pablo Ortellado, um dos integrantes do estudo, considerou a medida do WhatsApp positiva e mais \u00e1gil do que em rela\u00e7\u00e3o a epis\u00f3dios de alta circula\u00e7\u00e3o de informa\u00e7\u00f5es falsas.<\/p>\n\n\n\n<p>\u201cTende a reduzir bastante o tr\u00e1fego de conte\u00fado viral. O WhatsApp agiu mais r\u00e1pido. Nas elei\u00e7\u00f5es de 2018, foi pego de surpresa; eles haviam rec\u00e9m trocado de dire\u00e7\u00e3o\u201d, diz. \u201cAgora \u00e9 uma quest\u00e3o de vida ou morte.\u201d<\/p>\n\n\n\n<p>O Facebook tamb\u00e9m implementou mudan\u00e7as em seus outros produtos mais populares, como a rede social e o Instagram, a fim de conter a dissemina\u00e7\u00e3o de informa\u00e7\u00e3o falsa durante a pandemia. A empresa e o Twitter eliminaram com celeridade publica\u00e7\u00f5es de pol\u00edticos, como do presidente Jair Bolsonaro, por violarem pol\u00edticas durante a crise da Covid-19.<\/p>\n\n\n\n<p>Ortellado defende mais duas medidas para o WhatsApp: que, por padr\u00e3o de privacidade, apenas contatos possam incluir pessoas em grupos (hoje esse recurso n\u00e3o vem por default, precisando ser alterado de forma manual) e que seja poss\u00edvel diminuir as listas de transmiss\u00e3o, que hoje alcan\u00e7am at\u00e9 255 contatos.<\/p>\n\n\n\n<p>O WhatsApp tamb\u00e9m afirma que incluiu em sua vers\u00e3o beta mais recente uma maneira de os usu\u00e1rios descobrirem mais informa\u00e7\u00f5es sobre mensagens encaminhadas.<\/p>\n\n\n\n<p>Segundo a empresa, a ideia envolve a exibi\u00e7\u00e3o de um \u00edcone de lupa ao lado dessas mensagens frequentemente encaminhadas, dando aos usu\u00e1rios a op\u00e7\u00e3o de realizar uma pesquisa na web, na qual podem encontrar resultados de not\u00edcias.<\/p>\n\n\n\n<p>\u201cEstamos trabalhando diretamente com ONGs e governos, incluindo a Organiza\u00e7\u00e3o Mundial da Sa\u00fade e mais de 20 minist\u00e9rios nacionais da sa\u00fade, incluindo o do Brasil, para ajudar a conectar as pessoas com informa\u00e7\u00f5es precisas\u201d, diz a empresa.<\/p>\n","protected":false},"excerpt":{"rendered":"<p>O WhatsApp anunciou nesta ter\u00e7a-feira (7) que vai limitar o encaminhamento de mensagens no aplicativo para evitar a propaga\u00e7\u00e3o de not\u00edcias falsas. A medida resulta&hellip; <\/p>\n","protected":false},"author":2,"featured_media":136660,"comment_status":"closed","ping_status":"closed","sticky":false,"template":"","format":"standard","meta":{"sfsi_plus_gutenberg_text_before_share":"","sfsi_plus_gutenberg_show_text_before_share":"","sfsi_plus_gutenberg_icon_type":"","sfsi_plus_gutenberg_icon_alignemt":"","sfsi_plus_gutenburg_max_per_row":"","footnotes":""},"categories":[2],"tags":[],"class_list":["post-162729","post","type-post","status-publish","format-standard","has-post-thumbnail","hentry","category-geral"],"_links":{"self":[{"href":"https:\/\/www.caririemacao.com\/1\/wp-json\/wp\/v2\/posts\/162729","targetHints":{"allow":["GET"]}}],"collection":[{"href":"https:\/\/www.caririemacao.com\/1\/wp-json\/wp\/v2\/posts"}],"about":[{"href":"https:\/\/www.caririemacao.com\/1\/wp-json\/wp\/v2\/types\/post"}],"author":[{"embeddable":true,"href":"https:\/\/www.caririemacao.com\/1\/wp-json\/wp\/v2\/users\/2"}],"replies":[{"embeddable":true,"href":"https:\/\/www.caririemacao.com\/1\/wp-json\/wp\/v2\/comments?post=162729"}],"version-history":[{"count":1,"href":"https:\/\/www.caririemacao.com\/1\/wp-json\/wp\/v2\/posts\/162729\/revisions"}],"predecessor-version":[{"id":162730,"href":"https:\/\/www.caririemacao.com\/1\/wp-json\/wp\/v2\/posts\/162729\/revisions\/162730"}],"wp:featuredmedia":[{"embeddable":true,"href":"https:\/\/www.caririemacao.com\/1\/wp-json\/wp\/v2\/media\/136660"}],"wp:attachment":[{"href":"https:\/\/www.caririemacao.com\/1\/wp-json\/wp\/v2\/media?parent=162729"}],"wp:term":[{"taxonomy":"category","embeddable":true,"href":"https:\/\/www.caririemacao.com\/1\/wp-json\/wp\/v2\/categories?post=162729"},{"taxonomy":"post_tag","embeddable":true,"href":"https:\/\/www.caririemacao.com\/1\/wp-json\/wp\/v2\/tags?post=162729"}],"curies":[{"name":"wp","href":"https:\/\/api.w.org\/{rel}","templated":true}]}}