{"id":162737,"date":"2020-04-07T14:24:17","date_gmt":"2020-04-07T17:24:17","guid":{"rendered":"http:\/\/www.caririemacao.com\/1\/?p=162737"},"modified":"2020-04-07T14:24:19","modified_gmt":"2020-04-07T17:24:19","slug":"inscricoes-para-contratacao-de-735-profissionais-para-enfrentamento-a-covid-19-comecam-nesta-quarta-e-salarios-podem-passar-de-r-r-8-mil","status":"publish","type":"post","link":"https:\/\/www.caririemacao.com\/1\/2020\/04\/07\/inscricoes-para-contratacao-de-735-profissionais-para-enfrentamento-a-covid-19-comecam-nesta-quarta-e-salarios-podem-passar-de-r-r-8-mil\/","title":{"rendered":"Inscri\u00e7\u00f5es para contrata\u00e7\u00e3o de 735 profissionais para enfrentamento \u00e0 Covid-19 come\u00e7am nesta quarta e sal\u00e1rios podem passar de R$ R$ 8 mil"},"content":{"rendered":"\n<p>Foi autorizado, na manh\u00e3 desta ter\u00e7a-feira (7), a abertura de processo seletivo simplificado para forma\u00e7\u00e3o de cadastro de reserva para a contrata\u00e7\u00e3o tempor\u00e1ria e emergencial de profissionais da \u00e1rea da sa\u00fade e de apoio para prestar servi\u00e7os junto \u00e0 Secretaria Municipal de Sa\u00fade (SMS). A previs\u00e3o inicial \u00e9 de contrata\u00e7\u00e3o de 735 profissionais, podendo, posteriormente e de acordo com a necessidade, convocar outros classificados. As inscri\u00e7\u00f5es ocorrem entre esta quarta-feira (8) e sexta-feira (10) e o resultado ser\u00e1 divulgado na quinta-feira (15) da pr\u00f3xima semana&nbsp;<a href=\"https:\/\/joaopessoa.pb.gov.br\/selecao_saude\/#\/inicio\">(link para inscri\u00e7\u00f5es)<\/a>. A remunera\u00e7\u00e3o vai de R$ 1.481,02 a R$ 8.853,14.<\/p>\n\n\n\n<p>De acordo com o edital, as contrata\u00e7\u00f5es ocorrer\u00e3o pelo prazo de 90 dias, podendo ser prorrogado por igual per\u00edodo ou at\u00e9 que se encerre o estado de emerg\u00eancia. O processo seletivo se dar\u00e1 por meio da an\u00e1lise curricular, seguindo os crit\u00e9rios estabelecidos pela SMS e publicados no edital.&nbsp;<\/p>\n\n\n\n<p>O processo contempla profissionais dos n\u00edveis Fundamental, M\u00e9dio, T\u00e9cnico e Superior, com carga hor\u00e1ria de 30 ou 40 horas semanais. As vagas s\u00e3o para assistente social, biom\u00e9dico, enfermeiro, farmac\u00eautico, fisioterapeuta, m\u00e9dico, nutricionista, psic\u00f3logo, t\u00e9cnico de laborat\u00f3rio de an\u00e1lises cl\u00ednicas, t\u00e9cnico em enfermagem, t\u00e9cnico em radiologia, agente administrativo, auxiliar de farm\u00e1cia, porteiro, auxiliar de copa e cozinha, auxiliar de lavanderia, auxiliar de servi\u00e7os gerais, cozinheiro, condutor de ambul\u00e2ncia e maqueiro. De acordo com o edital, 5% das vagas s\u00e3o destinadas a pessoas com defici\u00eancia.&nbsp;<\/p>\n\n\n\n<p>No ato de inscri\u00e7\u00e3o, os candidatos dever\u00e3o preencher o formul\u00e1rio e anexar o curr\u00edculo profissionais. Ser\u00e3o considerados requisitos m\u00ednimos os dados pessoais, objetivo, habilidades e compet\u00eancias, experi\u00eancia profissional e forma\u00e7\u00e3o acad\u00eamica. Cada candidato pode concorrer a apenas um dos cargos dispon\u00edveis no edital e todas as informa\u00e7\u00f5es prestadas no formul\u00e1rio de inscri\u00e7\u00e3o on-line ser\u00e3o de inteira responsabilidade do candidato, ficando sujeito \u00e0 exclus\u00e3o o candidato que n\u00e3o tiver preenchido de forma completa, apresentar informa\u00e7\u00f5es inver\u00eddicas ou n\u00e3o anexar curr\u00edculo profissional.<\/p>\n","protected":false},"excerpt":{"rendered":"<p>Foi autorizado, na manh\u00e3 desta ter\u00e7a-feira (7), a abertura de processo seletivo simplificado para forma\u00e7\u00e3o de cadastro de reserva para a contrata\u00e7\u00e3o tempor\u00e1ria e emergencial&hellip; <\/p>\n","protected":false},"author":2,"featured_media":161810,"comment_status":"closed","ping_status":"closed","sticky":false,"template":"","format":"standard","meta":{"sfsi_plus_gutenberg_text_before_share":"","sfsi_plus_gutenberg_show_text_before_share":"","sfsi_plus_gutenberg_icon_type":"","sfsi_plus_gutenberg_icon_alignemt":"","sfsi_plus_gutenburg_max_per_row":"","footnotes":""},"categories":[16],"tags":[],"class_list":["post-162737","post","type-post","status-publish","format-standard","has-post-thumbnail","hentry","category-saude"],"_links":{"self":[{"href":"https:\/\/www.caririemacao.com\/1\/wp-json\/wp\/v2\/posts\/162737","targetHints":{"allow":["GET"]}}],"collection":[{"href":"https:\/\/www.caririemacao.com\/1\/wp-json\/wp\/v2\/posts"}],"about":[{"href":"https:\/\/www.caririemacao.com\/1\/wp-json\/wp\/v2\/types\/post"}],"author":[{"embeddable":true,"href":"https:\/\/www.caririemacao.com\/1\/wp-json\/wp\/v2\/users\/2"}],"replies":[{"embeddable":true,"href":"https:\/\/www.caririemacao.com\/1\/wp-json\/wp\/v2\/comments?post=162737"}],"version-history":[{"count":1,"href":"https:\/\/www.caririemacao.com\/1\/wp-json\/wp\/v2\/posts\/162737\/revisions"}],"predecessor-version":[{"id":162738,"href":"https:\/\/www.caririemacao.com\/1\/wp-json\/wp\/v2\/posts\/162737\/revisions\/162738"}],"wp:featuredmedia":[{"embeddable":true,"href":"https:\/\/www.caririemacao.com\/1\/wp-json\/wp\/v2\/media\/161810"}],"wp:attachment":[{"href":"https:\/\/www.caririemacao.com\/1\/wp-json\/wp\/v2\/media?parent=162737"}],"wp:term":[{"taxonomy":"category","embeddable":true,"href":"https:\/\/www.caririemacao.com\/1\/wp-json\/wp\/v2\/categories?post=162737"},{"taxonomy":"post_tag","embeddable":true,"href":"https:\/\/www.caririemacao.com\/1\/wp-json\/wp\/v2\/tags?post=162737"}],"curies":[{"name":"wp","href":"https:\/\/api.w.org\/{rel}","templated":true}]}}