{"id":162754,"date":"2020-04-07T15:35:46","date_gmt":"2020-04-07T18:35:46","guid":{"rendered":"http:\/\/www.caririemacao.com\/1\/?p=162754"},"modified":"2020-04-07T15:35:48","modified_gmt":"2020-04-07T18:35:48","slug":"ong-lanca-campanha-online-para-arrecadacao-de-cestas-basicas-destinadas-as-familias-do-interior-da-paraiba","status":"publish","type":"post","link":"https:\/\/www.caririemacao.com\/1\/2020\/04\/07\/ong-lanca-campanha-online-para-arrecadacao-de-cestas-basicas-destinadas-as-familias-do-interior-da-paraiba\/","title":{"rendered":"ONG lan\u00e7a campanha online para arrecada\u00e7\u00e3o de cestas b\u00e1sicas destinadas \u00e0s fam\u00edlias do interior da Para\u00edba"},"content":{"rendered":"\n<p>Com todo o esfor\u00e7o e empenho do time de volunt\u00e1rios, a ONG Milagre Sert\u00e3o tra\u00e7a o seu caminho beneficiando fam\u00edlias que sofrem com os efeitos da seca no interior da Para\u00edba.&nbsp;<\/p>\n\n\n\n<p>Devido a pandemia do novo coronav\u00edrus, a a\u00e7\u00e3o beneficente que aconteceria de 22 a 24 de maio na cidade de Serra Branca, foi adiada sem data prevista para acontecer.&nbsp;<\/p>\n\n\n\n<p>Pensando em uma alternativa para ajudar fam\u00edlias carentes diante da pandemia do novo coronav\u00edrus, a ONG est\u00e1 promovendo uma campanha online para arrecada\u00e7\u00e3o de cestas b\u00e1sicas que ser\u00e3o distribu\u00eddas nos pr\u00f3ximos meses. A campanha \u00e9 v\u00e1lida por tempo indeterminado.<\/p>\n\n\n\n<p>Como participar \u2013 Os interessados podem&nbsp;<a href=\"http:\/\/lojinhadomilagre.iluria.com\/doacao-ct-24d46c\">acessar o site<\/a>&nbsp;e escolher a sua doa\u00e7\u00e3o &#8211; meia cesta ou cesta b\u00e1sica completa. O pagamento \u00e9 realizado via Pagseguro.&nbsp;&nbsp;<\/p>\n\n\n\n<p>A ONG Milagre Sert\u00e3o fica na Rua Ant\u00f4nio Rabelo J\u00fanior, n\u00ba 81 Sala 01 e 02 &#8211; Miramar. Outras informa\u00e7\u00f5es,&nbsp;<a href=\"http:\/\/milagresertao.org\/\">no site oficial<\/a>, no (83) 3021-9891 e no instagram @milagresertao.<\/p>\n","protected":false},"excerpt":{"rendered":"<p>Com todo o esfor\u00e7o e empenho do time de volunt\u00e1rios, a ONG Milagre Sert\u00e3o tra\u00e7a o seu caminho beneficiando fam\u00edlias que sofrem com os efeitos&hellip; <\/p>\n","protected":false},"author":2,"featured_media":162755,"comment_status":"closed","ping_status":"closed","sticky":false,"template":"","format":"standard","meta":{"sfsi_plus_gutenberg_text_before_share":"","sfsi_plus_gutenberg_show_text_before_share":"","sfsi_plus_gutenberg_icon_type":"","sfsi_plus_gutenberg_icon_alignemt":"","sfsi_plus_gutenburg_max_per_row":"","footnotes":""},"categories":[2],"tags":[],"class_list":["post-162754","post","type-post","status-publish","format-standard","has-post-thumbnail","hentry","category-geral"],"_links":{"self":[{"href":"https:\/\/www.caririemacao.com\/1\/wp-json\/wp\/v2\/posts\/162754","targetHints":{"allow":["GET"]}}],"collection":[{"href":"https:\/\/www.caririemacao.com\/1\/wp-json\/wp\/v2\/posts"}],"about":[{"href":"https:\/\/www.caririemacao.com\/1\/wp-json\/wp\/v2\/types\/post"}],"author":[{"embeddable":true,"href":"https:\/\/www.caririemacao.com\/1\/wp-json\/wp\/v2\/users\/2"}],"replies":[{"embeddable":true,"href":"https:\/\/www.caririemacao.com\/1\/wp-json\/wp\/v2\/comments?post=162754"}],"version-history":[{"count":1,"href":"https:\/\/www.caririemacao.com\/1\/wp-json\/wp\/v2\/posts\/162754\/revisions"}],"predecessor-version":[{"id":162756,"href":"https:\/\/www.caririemacao.com\/1\/wp-json\/wp\/v2\/posts\/162754\/revisions\/162756"}],"wp:featuredmedia":[{"embeddable":true,"href":"https:\/\/www.caririemacao.com\/1\/wp-json\/wp\/v2\/media\/162755"}],"wp:attachment":[{"href":"https:\/\/www.caririemacao.com\/1\/wp-json\/wp\/v2\/media?parent=162754"}],"wp:term":[{"taxonomy":"category","embeddable":true,"href":"https:\/\/www.caririemacao.com\/1\/wp-json\/wp\/v2\/categories?post=162754"},{"taxonomy":"post_tag","embeddable":true,"href":"https:\/\/www.caririemacao.com\/1\/wp-json\/wp\/v2\/tags?post=162754"}],"curies":[{"name":"wp","href":"https:\/\/api.w.org\/{rel}","templated":true}]}}