{"id":162767,"date":"2020-04-08T07:16:25","date_gmt":"2020-04-08T10:16:25","guid":{"rendered":"http:\/\/www.caririemacao.com\/1\/?p=162767"},"modified":"2020-04-08T07:16:26","modified_gmt":"2020-04-08T10:16:26","slug":"contas-de-energia-eletrica-de-baixa-renda-deverao-ser-assumidas-pelo-governo","status":"publish","type":"post","link":"https:\/\/www.caririemacao.com\/1\/2020\/04\/08\/contas-de-energia-eletrica-de-baixa-renda-deverao-ser-assumidas-pelo-governo\/","title":{"rendered":"Contas de energia el\u00e9trica de baixa renda dever\u00e3o ser assumidas pelo governo"},"content":{"rendered":"\n<p>O ministro Paulo Guedes (Economia) avalia bancar as contas de luz de cerca de 9,4 milh\u00f5es de fam\u00edlias carentes pelos pr\u00f3ximos tr\u00eas meses. A medida ser\u00e1 adotada por causa da crise provocada pelo coronav\u00edrus.<\/p>\n\n\n\n<p>Assessores do governo envolvidos nas discuss\u00f5es afirmam que uma MP (medida provis\u00f3ria) ir\u00e1 definir os detalhes do programa.<\/p>\n\n\n\n<p>A princ\u00edpio, a iniciativa s\u00f3 ser\u00e1 v\u00e1lida para fam\u00edlias com consumo m\u00e9dio de 220 kWh. Mais da metade desse grupo vive no Nordeste.<\/p>\n\n\n\n<p>Ainda se discute se o benef\u00edcio poderia ser estendido para os trabalhadores que forem demitidos durante a crise provocada pela pandemia.<\/p>\n\n\n\n<p>O grupo agora beneficiado j\u00e1 \u00e9 coberto pelo Tarifa Social, programa que concede descontos \u00e0s fam\u00edlias inscritas no Cadastro \u00danico do Minist\u00e9rio da Cidadania com renda m\u00e9dia per capita de meio sal\u00e1rio (R$ 522,50). Neste caso, o subs\u00eddio \u00e9 de cerca de R$ 200.<\/p>\n\n\n\n<p>A ajuda extra nesse momento foi estimada em at\u00e9 R$ 1,2 bilh\u00e3o. A maior parte dessa despesa (R$ 900 milh\u00f5es) ser\u00e1 bancada pelo Tesouro, segundo assessores do governo.<\/p>\n\n\n\n<p>A diferen\u00e7a sair\u00e1 de sobras de fundos setoriais, como a CDE (Conta de Desenvolvimento Energ\u00e9tico) e do Luz Para Todos.<\/p>\n\n\n\n<p>Ou seja: os demais consumidores n\u00e3o pagar\u00e3o a mais em suas contas para que os mais carentes sejam beneficiados.<\/p>\n\n\n\n<p>Caso seja confirmada, a medida vai dar um f\u00f4lego \u00e0s distribuidoras que est\u00e3o preocupadas com o aumento da inadimpl\u00eancia, especialmente nessa fase de isolamento.<\/p>\n\n\n\n<p>As empresas n\u00e3o teriam nem sequer como cortar o fornecimento de energia, porque ficaram proibidas por uma determina\u00e7\u00e3o da Aneel (Ag\u00eancia Nacional de Energia El\u00e9trica) no per\u00edodo da pandemia.<\/p>\n\n\n\n<p>Nesta ter\u00e7a-feira (7), as empresas do setor ganharam outro refor\u00e7o da ag\u00eancia, que decidiu liberar at\u00e9 R$ 2,2 bilh\u00f5es de saldo de um fundo de reserva de encargos para cobrir perdas de geradoras, transmissoras e distribuidoras.<\/p>\n\n\n\n<p>Esse dinheiro, no entanto, s\u00f3 poder\u00e1 ser usado por companhias que tenham alguma dificuldade de cumprir com suas obriga\u00e7\u00f5es com o sistema el\u00e9trico.<\/p>\n\n\n\n<p>N\u00e3o poder\u00e3o, por exemplo, refor\u00e7ar o caixa com esse dinheiro. A maior parte (R$ 1,47 bilh\u00e3o) ser\u00e1 direcionada para as distribuidoras.<\/p>\n\n\n\n<p>A Aneel autorizou a CCEE (C\u00e2mara de Comercializa\u00e7\u00e3o de Energia El\u00e9trica) a efetuar novos repasses ao longo do ano se for necess\u00e1rio e houver saldo.<br><\/p>\n","protected":false},"excerpt":{"rendered":"<p>O ministro Paulo Guedes (Economia) avalia bancar as contas de luz de cerca de 9,4 milh\u00f5es de fam\u00edlias carentes pelos pr\u00f3ximos tr\u00eas meses. A medida&hellip; <\/p>\n","protected":false},"author":2,"featured_media":162768,"comment_status":"closed","ping_status":"closed","sticky":false,"template":"","format":"standard","meta":{"sfsi_plus_gutenberg_text_before_share":"","sfsi_plus_gutenberg_show_text_before_share":"","sfsi_plus_gutenberg_icon_type":"","sfsi_plus_gutenberg_icon_alignemt":"","sfsi_plus_gutenburg_max_per_row":"","footnotes":""},"categories":[2],"tags":[],"class_list":["post-162767","post","type-post","status-publish","format-standard","has-post-thumbnail","hentry","category-geral"],"_links":{"self":[{"href":"https:\/\/www.caririemacao.com\/1\/wp-json\/wp\/v2\/posts\/162767","targetHints":{"allow":["GET"]}}],"collection":[{"href":"https:\/\/www.caririemacao.com\/1\/wp-json\/wp\/v2\/posts"}],"about":[{"href":"https:\/\/www.caririemacao.com\/1\/wp-json\/wp\/v2\/types\/post"}],"author":[{"embeddable":true,"href":"https:\/\/www.caririemacao.com\/1\/wp-json\/wp\/v2\/users\/2"}],"replies":[{"embeddable":true,"href":"https:\/\/www.caririemacao.com\/1\/wp-json\/wp\/v2\/comments?post=162767"}],"version-history":[{"count":1,"href":"https:\/\/www.caririemacao.com\/1\/wp-json\/wp\/v2\/posts\/162767\/revisions"}],"predecessor-version":[{"id":162769,"href":"https:\/\/www.caririemacao.com\/1\/wp-json\/wp\/v2\/posts\/162767\/revisions\/162769"}],"wp:featuredmedia":[{"embeddable":true,"href":"https:\/\/www.caririemacao.com\/1\/wp-json\/wp\/v2\/media\/162768"}],"wp:attachment":[{"href":"https:\/\/www.caririemacao.com\/1\/wp-json\/wp\/v2\/media?parent=162767"}],"wp:term":[{"taxonomy":"category","embeddable":true,"href":"https:\/\/www.caririemacao.com\/1\/wp-json\/wp\/v2\/categories?post=162767"},{"taxonomy":"post_tag","embeddable":true,"href":"https:\/\/www.caririemacao.com\/1\/wp-json\/wp\/v2\/tags?post=162767"}],"curies":[{"name":"wp","href":"https:\/\/api.w.org\/{rel}","templated":true}]}}