{"id":162771,"date":"2020-04-08T07:17:55","date_gmt":"2020-04-08T10:17:55","guid":{"rendered":"http:\/\/www.caririemacao.com\/1\/?p=162771"},"modified":"2020-04-08T07:17:57","modified_gmt":"2020-04-08T10:17:57","slug":"paraiba-confirma-mais-cinco-novos-casos-de-covid-19","status":"publish","type":"post","link":"https:\/\/www.caririemacao.com\/1\/2020\/04\/08\/paraiba-confirma-mais-cinco-novos-casos-de-covid-19\/","title":{"rendered":"Para\u00edba confirma mais cinco novos casos de Covid-19"},"content":{"rendered":"\n<p>At\u00e9 o momento, a Para\u00edba j\u00e1 confirmou 41 casos da Covid-19, doen\u00e7a provocada pelo novo coronav\u00edrus.<\/p>\n\n\n\n<p>Dos cinco novos casos confirmados nesta ter\u00e7a-feira, 7, tr\u00eas s\u00e3o do sexo feminino e dois do sexo masculino, na faixa et\u00e1ria 27 \u2013 71 anos.<\/p>\n\n\n\n<p>Tr\u00eas desses pacientes residem em Jo\u00e3o Pessoa e os outros dois no munic\u00edpio de Santa Rita. S\u00e3o eles:<\/p>\n\n\n\n<p>\u2013 Homem de 41 anos, residente do munic\u00edpio de Jo\u00e3o Pessoa. Segue em isolamento domiciliar acompanhado pela Vigil\u00e2ncia Municipal.<\/p>\n\n\n\n<p>\u2013 Mulher de 27 anos, residente no munic\u00edpio de Santa Rita. Segue em isolamento domiciliar acompanhada pela Vigil\u00e2ncia Municipal.<\/p>\n\n\n\n<p>\u2013 Homem de 30 anos, residente do munic\u00edpio de Santa Rita. Segue em isolamento domiciliar acompanhado pela Vigil\u00e2ncia Municipal.<\/p>\n\n\n\n<p>\u2013 Mulher de 38 anos, residente do munic\u00edpio de Jo\u00e3o Pessoa. Segue em isolamento domiciliar acompanhada pela Vigil\u00e2ncia Municipal.<\/p>\n\n\n\n<p>\u2013 Mulher de 71 anos, residente do munic\u00edpio de Jo\u00e3o Pessoa. Segue em isolamento domiciliar acompanhada pela Vigil\u00e2ncia Municipal.<\/p>\n\n\n\n<p>At\u00e9 agora, os casos confirmados est\u00e3o distribu\u00eddos por nove munic\u00edpios: Jo\u00e3o Pessoa, Campina Grande, Cabedelo, Junco do Serid\u00f3, Patos, Serra Branca, Sousa, Igaracy e Santa Rita.<\/p>\n\n\n\n<p>No momento, 25 pacientes est\u00e3o internados em UTI (14 em estabelecimentos p\u00fablicos e 11 no privado) e 107 em leitos de isolamento (69 em estabelecimentos p\u00fablicos e 38 no privado), seguindo em investiga\u00e7\u00e3o para Covid-19.<\/p>\n\n\n\n<p>Os demais casos hospitalizados e com resultado n\u00e3o detect\u00e1vel seguem em investiga\u00e7\u00e3o para demais v\u00edrus.<\/p>\n\n\n\n<p>Dos casos confirmados, 3 encontra-se hospitalizados ( 1 em UTI e 2 em isolamento), 11 j\u00e1 se recuperaram da Covid-19 e 23 seguem em isolamento domiciliar.<\/p>\n\n\n\n<p>A Secretaria Estadual de Sa\u00fade (SES-PB) tem um total de quatro \u00f3bitos por Covid-19.<\/p>\n\n\n\n<p>Segue em investiga\u00e7\u00e3o de 20 \u00f3bitos por S\u00edndrome Respirat\u00f3ria Aguda Grave (SRAG) onde ser\u00e1 investigado Covid-19 e outros v\u00edrus respirat\u00f3rios.<\/p>\n\n\n\n<p>No Estado temos 1.091 notifica\u00e7\u00f5es em investiga\u00e7\u00e3o de casos suspeitos de Covid notificados pelos munic\u00edpios e hospitais mediante suspeita cl\u00ednica para S\u00edndrome Gripal e\/ou SRAG por Covid-19.<\/p>\n\n\n\n<p>At\u00e9 o Boletim de ontem os dados contabilizados referiam-se apenas os j\u00e1 registrados no sistema Redcap e SIVEP Gripe (Casos Hospitalizados) o que totalizavam 708 casos, porem no dia de hoje o Estado recebeu a base de dados do E-SUS VE onde constam os registros das notifica\u00e7\u00f5es j\u00e1 realizadas pelos munic\u00edpios para os casos de s\u00edndrome gripal com suspeita para Covid-19, o que gerou essa atualiza\u00e7\u00e3o de dados em investiga\u00e7\u00e3o.<\/p>\n\n\n\n<p>Um total de 649 casos notificados j\u00e1 foram descartados por exames laboratoriais para S\u00edndrome Gripal e casos SRAG por Covid-19.<\/p>\n","protected":false},"excerpt":{"rendered":"<p>At\u00e9 o momento, a Para\u00edba j\u00e1 confirmou 41 casos da Covid-19, doen\u00e7a provocada pelo novo coronav\u00edrus. Dos cinco novos casos confirmados nesta ter\u00e7a-feira, 7, tr\u00eas&hellip; <\/p>\n","protected":false},"author":2,"featured_media":162772,"comment_status":"closed","ping_status":"closed","sticky":false,"template":"","format":"standard","meta":{"sfsi_plus_gutenberg_text_before_share":"","sfsi_plus_gutenberg_show_text_before_share":"","sfsi_plus_gutenberg_icon_type":"","sfsi_plus_gutenberg_icon_alignemt":"","sfsi_plus_gutenburg_max_per_row":"","footnotes":""},"categories":[2],"tags":[],"class_list":["post-162771","post","type-post","status-publish","format-standard","has-post-thumbnail","hentry","category-geral"],"_links":{"self":[{"href":"https:\/\/www.caririemacao.com\/1\/wp-json\/wp\/v2\/posts\/162771","targetHints":{"allow":["GET"]}}],"collection":[{"href":"https:\/\/www.caririemacao.com\/1\/wp-json\/wp\/v2\/posts"}],"about":[{"href":"https:\/\/www.caririemacao.com\/1\/wp-json\/wp\/v2\/types\/post"}],"author":[{"embeddable":true,"href":"https:\/\/www.caririemacao.com\/1\/wp-json\/wp\/v2\/users\/2"}],"replies":[{"embeddable":true,"href":"https:\/\/www.caririemacao.com\/1\/wp-json\/wp\/v2\/comments?post=162771"}],"version-history":[{"count":1,"href":"https:\/\/www.caririemacao.com\/1\/wp-json\/wp\/v2\/posts\/162771\/revisions"}],"predecessor-version":[{"id":162773,"href":"https:\/\/www.caririemacao.com\/1\/wp-json\/wp\/v2\/posts\/162771\/revisions\/162773"}],"wp:featuredmedia":[{"embeddable":true,"href":"https:\/\/www.caririemacao.com\/1\/wp-json\/wp\/v2\/media\/162772"}],"wp:attachment":[{"href":"https:\/\/www.caririemacao.com\/1\/wp-json\/wp\/v2\/media?parent=162771"}],"wp:term":[{"taxonomy":"category","embeddable":true,"href":"https:\/\/www.caririemacao.com\/1\/wp-json\/wp\/v2\/categories?post=162771"},{"taxonomy":"post_tag","embeddable":true,"href":"https:\/\/www.caririemacao.com\/1\/wp-json\/wp\/v2\/tags?post=162771"}],"curies":[{"name":"wp","href":"https:\/\/api.w.org\/{rel}","templated":true}]}}