{"id":162786,"date":"2020-04-08T07:44:52","date_gmt":"2020-04-08T10:44:52","guid":{"rendered":"http:\/\/www.caririemacao.com\/1\/?p=162786"},"modified":"2020-04-08T07:45:07","modified_gmt":"2020-04-08T10:45:07","slug":"camara-federal-promove-corte-em-despesas-para-combater-coronavirus","status":"publish","type":"post","link":"https:\/\/www.caririemacao.com\/1\/2020\/04\/08\/camara-federal-promove-corte-em-despesas-para-combater-coronavirus\/","title":{"rendered":"C\u00e2mara Federal promove corte em despesas para combater coronav\u00edrus"},"content":{"rendered":"\n<p>&nbsp;A C\u00e2mara dos Deputados anunciou nesta ter\u00e7a-feira (7) um corte de R$ 150 milh\u00f5es em despesas no ano, entre elas gastos com viagens e horas extras, e informou que vai direcionar o dinheiro para o combate \u00e0 pandemia do coronav\u00edrus.<\/p>\n\n\n\n<p>O an\u00fancio foi feito pelo presidente da Casa, Rodrigo Maia (DEM-RJ), ao final de uma entrevista em que detalhou a pauta que ser\u00e1 votada pelos deputados nesta semana.<\/p>\n\n\n\n<p>De acordo com Maia, ser\u00e3o cortados R$ 43 milh\u00f5es em despesas de pessoal. Haver\u00e1 ainda uma redu\u00e7\u00e3o de R$ 49 milh\u00f5es em investimento e de R$ 58 milh\u00f5es em custeio operacional.<\/p>\n\n\n\n<p>\u201cA gente faz um primeiro corte de gastos, entramos inclusive em despesas de passagens, de horas extras, tudo aquilo que a gente sabe que nesse momento n\u00e3o \u00e9 necess\u00e1rio\u201d, afirmou.<\/p>\n\n\n\n<p>A inten\u00e7\u00e3o, complementou, \u00e9 mostrar que a C\u00e2mara \u201ctamb\u00e9m precisa e sempre dar\u00e1 sua contribui\u00e7\u00e3o nesse momento de crise\u201d, disse.<\/p>\n\n\n\n<p>\u201cN\u00e3o apenas com projeto, mas tamb\u00e9m com atos onde a gente economize recursos para que os recursos possam estar diretamente no enfrentamento da pandemia do coronav\u00edrus\u201d.<\/p>\n\n\n\n<p>O valor cortado ser\u00e1 destinado ao Minist\u00e9rio da Sa\u00fade para o combate do novo coronav\u00edrus.<\/p>\n\n\n\n<p>As redu\u00e7\u00f5es contemplar\u00e3o viagens nacionais e internacionais (di\u00e1rias e passagens) de parlamentares, servidores e colaboradores, horas extras e adicionais noturnos.<\/p>\n\n\n\n<p>Tamb\u00e9m incluem obras que n\u00e3o foram iniciadas ou cujos servi\u00e7os n\u00e3o tenham sido contratados, aquisi\u00e7\u00e3o de equipamentos e mobili\u00e1rios n\u00e3o necess\u00e1rios \u00e0 manuten\u00e7\u00e3o de processos considerados essenciais e atividades que n\u00e3o impactem no funcionamento desses mesmos processos.<\/p>\n\n\n\n<p>Maia tamb\u00e9m determinou a readequa\u00e7\u00e3o dos contratos vigentes para reduzir despesas e racionalizar servi\u00e7os prestados.<\/p>\n\n\n\n<p>Ainda dentro de a\u00e7\u00f5es de combate ao coronav\u00edrus, o presidente da C\u00e2mara afirmou que pretende colocar em vota\u00e7\u00e3o at\u00e9 quarta-feira (8) o aux\u00edlio complementar aprovado pelo Senado na semana passada.<\/p>\n\n\n\n<p>Segundo ele, um acordo sobre o tema deve ser alcan\u00e7ado at\u00e9 esta quarta. Maia defende que o texto mantenha a possibilidade de o pagamento do aux\u00edlio ser feito por bancos privados e outras empresas de pagamento.<\/p>\n\n\n\n<p>\u201cO que eu acho que \u00e9 que toda rede banc\u00e1ria tem que estar \u00e0 disposi\u00e7\u00e3o para ajudar para que o dinheiro chegue mais r\u00e1pido nas contas das fam\u00edlias. Os bancos, as empresas de maquininha de cart\u00e3o de cr\u00e9dito\u201d, disse.<\/p>\n\n\n\n<p>\u201cTodas essas t\u00eam condi\u00e7\u00e3o de ajudar e podem sim ser um instrumento importante. O que n\u00f3s queremos \u00e9 que os recursos cheguem\u201d.<\/p>\n","protected":false},"excerpt":{"rendered":"<p>&nbsp;A C\u00e2mara dos Deputados anunciou nesta ter\u00e7a-feira (7) um corte de R$ 150 milh\u00f5es em despesas no ano, entre elas gastos com viagens e horas&hellip; <\/p>\n","protected":false},"author":2,"featured_media":162787,"comment_status":"closed","ping_status":"closed","sticky":false,"template":"","format":"standard","meta":{"sfsi_plus_gutenberg_text_before_share":"","sfsi_plus_gutenberg_show_text_before_share":"","sfsi_plus_gutenberg_icon_type":"","sfsi_plus_gutenberg_icon_alignemt":"","sfsi_plus_gutenburg_max_per_row":"","footnotes":""},"categories":[2],"tags":[],"class_list":["post-162786","post","type-post","status-publish","format-standard","has-post-thumbnail","hentry","category-geral"],"_links":{"self":[{"href":"https:\/\/www.caririemacao.com\/1\/wp-json\/wp\/v2\/posts\/162786","targetHints":{"allow":["GET"]}}],"collection":[{"href":"https:\/\/www.caririemacao.com\/1\/wp-json\/wp\/v2\/posts"}],"about":[{"href":"https:\/\/www.caririemacao.com\/1\/wp-json\/wp\/v2\/types\/post"}],"author":[{"embeddable":true,"href":"https:\/\/www.caririemacao.com\/1\/wp-json\/wp\/v2\/users\/2"}],"replies":[{"embeddable":true,"href":"https:\/\/www.caririemacao.com\/1\/wp-json\/wp\/v2\/comments?post=162786"}],"version-history":[{"count":1,"href":"https:\/\/www.caririemacao.com\/1\/wp-json\/wp\/v2\/posts\/162786\/revisions"}],"predecessor-version":[{"id":162788,"href":"https:\/\/www.caririemacao.com\/1\/wp-json\/wp\/v2\/posts\/162786\/revisions\/162788"}],"wp:featuredmedia":[{"embeddable":true,"href":"https:\/\/www.caririemacao.com\/1\/wp-json\/wp\/v2\/media\/162787"}],"wp:attachment":[{"href":"https:\/\/www.caririemacao.com\/1\/wp-json\/wp\/v2\/media?parent=162786"}],"wp:term":[{"taxonomy":"category","embeddable":true,"href":"https:\/\/www.caririemacao.com\/1\/wp-json\/wp\/v2\/categories?post=162786"},{"taxonomy":"post_tag","embeddable":true,"href":"https:\/\/www.caririemacao.com\/1\/wp-json\/wp\/v2\/tags?post=162786"}],"curies":[{"name":"wp","href":"https:\/\/api.w.org\/{rel}","templated":true}]}}