{"id":162793,"date":"2020-04-08T07:48:02","date_gmt":"2020-04-08T10:48:02","guid":{"rendered":"http:\/\/www.caririemacao.com\/1\/?p=162793"},"modified":"2020-04-08T07:48:04","modified_gmt":"2020-04-08T10:48:04","slug":"hospital-universitario-da-ufpb-recebe-seis-ventiladores-pulmonares","status":"publish","type":"post","link":"https:\/\/www.caririemacao.com\/1\/2020\/04\/08\/hospital-universitario-da-ufpb-recebe-seis-ventiladores-pulmonares\/","title":{"rendered":"Hospital Universit\u00e1rio da UFPB recebe seis ventiladores pulmonares"},"content":{"rendered":"\n<p>O Hospital Universit\u00e1rio Lauro Wanderley (HULW), da Universidade Federal da Para\u00edba (UFPB), recebeu da Epasa \u2013 Centrais El\u00e9tricas da Para\u00edba S\/A, localizada no Distrito Industrial de Jo\u00e3o Pessoa, a doa\u00e7\u00e3o de seis ventiladores pulmonares do tipo Servoventilador Carmel, com circuito adulto e pedi\u00e1trico, da marca KTK.<\/p>\n\n\n\n<p>Cada um dos equipamentos custa aproximadamente R$ 50 mil. Eles \u00e3o fundamentais para o tratamento de pacientes em estado grave por Covid-19. As tratativas com a empresa produtora independente de energia foram realizadas pela Pr\u00f3-Reitoria de Extens\u00e3o e Assuntos Comunit\u00e1rios (Prac) da UFPB, com apoio da superintendente do HULW Fl\u00e1via Fernandes.<\/p>\n\n\n\n<p>De acordo com o pr\u00f3-reitor de extens\u00e3o e assuntos comunit\u00e1rios, professor Orlando Villar, esta parceria \u00e9 uma ajuda importante. \u201cTem muita gente que morre pela falta de um respirador\u201d, afirma o gestor.<\/p>\n\n\n\n<p>Nos casos graves, a Covid-19 produz um processo inflamat\u00f3rio no corpo do paciente, principalmente nos pulm\u00f5es, causando pneumonia e prejudicando a capacidade respirat\u00f3ria, sendo necess\u00e1rio o suporte ventilat\u00f3rio. Diante dessa realidade, o professor Orlando Villar enaltece a iniciativa da Epasa em favor da sa\u00fade p\u00fablica.<\/p>\n\n\n\n<p>A carta de doa\u00e7\u00e3o foi assinada pelo diretor-presidente da Epasa, Jos\u00e9 Ferreira Abdal Neto, \u201cde forma definitiva, irrevog\u00e1vel e irretrat\u00e1vel, sem quaisquer \u00f4nus ou encargos, para o hospital\u201d.<\/p>\n\n\n\n<p>De acordo com Abdal, a Epasa, propriet\u00e1ria das usinas termoel\u00e9tricas Termonordeste e Termopara\u00edba, escolheu o HULW pela obriga\u00e7\u00e3o moral de ajudar a sa\u00fade p\u00fablica, com base em um dos pilares dos valores da empresa, que \u00e9 o respeito \u00e0 vida e \u00e0s pessoas, bem como pela longa rela\u00e7\u00e3o de coopera\u00e7\u00e3o com a UFPB.<\/p>\n\n\n\n<p>\u201cA rela\u00e7\u00e3o da Epasa com a UFPB \u00e9 de quase dez anos, a mesma idade da Epasa\u201d, explica o diretor-presidente, acrescentando que a UFPB sempre foi um celeiro onde a empresa busca seus t\u00e9cnicos e engenheiros, realiza parcerias para projetos de pesquisa e outras atividades de interesses m\u00fatuos.<\/p>\n\n\n\n<p>O HULW possui, atualmente, 41 ventiladores pulmonares no total, conforme o superintendente em exerc\u00edcio do hospital, \u00c2ngelo Melo. Mas, no momento, 37 se encontram em uso e quatro equipamentos est\u00e3o em assist\u00eancia t\u00e9cnica especializada.<\/p>\n\n\n\n<p>\u201cS\u00f3 que, com esta demanda, n\u00f3s vamos ter necessidade de um uso muito maior, ent\u00e3o, de fato, essas doa\u00e7\u00f5es s\u00e3o muito importantes porque a gente abriu uma UTI somente para o Covid-19 e, s\u00f3 a\u00ed, a gente precisa ter uma demanda de ventiladores muito alta\u201d, informa \u00c2ngelo Melo.<\/p>\n\n\n\n<p>Segundo ele, essa UTI tem 14 leitos com ventiladores prontos para receber crian\u00e7as e adolescentes com Covid-19. &#8220;Para se ter uma ideia, nossa UTI pedi\u00e1trica tinha quatro leitos. A gente aumentou para 14\u2033, conta.<\/p>\n\n\n\n<p>O HULW \u00e9 refer\u00eancia na Para\u00edba para atender casos suspeitos e confirmados de Covid-19 em crian\u00e7as e adolescentes, sendo retaguarda para o Complexo Hospitalar Clementino Fraga, unidade de refer\u00eancia para internamentos no estado da Para\u00edba.<\/p>\n","protected":false},"excerpt":{"rendered":"<p>O Hospital Universit\u00e1rio Lauro Wanderley (HULW), da Universidade Federal da Para\u00edba (UFPB), recebeu da Epasa \u2013 Centrais El\u00e9tricas da Para\u00edba S\/A, localizada no Distrito Industrial&hellip; <\/p>\n","protected":false},"author":2,"featured_media":162794,"comment_status":"closed","ping_status":"closed","sticky":false,"template":"","format":"standard","meta":{"sfsi_plus_gutenberg_text_before_share":"","sfsi_plus_gutenberg_show_text_before_share":"","sfsi_plus_gutenberg_icon_type":"","sfsi_plus_gutenberg_icon_alignemt":"","sfsi_plus_gutenburg_max_per_row":"","footnotes":""},"categories":[50,16],"tags":[],"class_list":["post-162793","post","type-post","status-publish","format-standard","has-post-thumbnail","hentry","category-destaque","category-saude"],"_links":{"self":[{"href":"https:\/\/www.caririemacao.com\/1\/wp-json\/wp\/v2\/posts\/162793","targetHints":{"allow":["GET"]}}],"collection":[{"href":"https:\/\/www.caririemacao.com\/1\/wp-json\/wp\/v2\/posts"}],"about":[{"href":"https:\/\/www.caririemacao.com\/1\/wp-json\/wp\/v2\/types\/post"}],"author":[{"embeddable":true,"href":"https:\/\/www.caririemacao.com\/1\/wp-json\/wp\/v2\/users\/2"}],"replies":[{"embeddable":true,"href":"https:\/\/www.caririemacao.com\/1\/wp-json\/wp\/v2\/comments?post=162793"}],"version-history":[{"count":1,"href":"https:\/\/www.caririemacao.com\/1\/wp-json\/wp\/v2\/posts\/162793\/revisions"}],"predecessor-version":[{"id":162795,"href":"https:\/\/www.caririemacao.com\/1\/wp-json\/wp\/v2\/posts\/162793\/revisions\/162795"}],"wp:featuredmedia":[{"embeddable":true,"href":"https:\/\/www.caririemacao.com\/1\/wp-json\/wp\/v2\/media\/162794"}],"wp:attachment":[{"href":"https:\/\/www.caririemacao.com\/1\/wp-json\/wp\/v2\/media?parent=162793"}],"wp:term":[{"taxonomy":"category","embeddable":true,"href":"https:\/\/www.caririemacao.com\/1\/wp-json\/wp\/v2\/categories?post=162793"},{"taxonomy":"post_tag","embeddable":true,"href":"https:\/\/www.caririemacao.com\/1\/wp-json\/wp\/v2\/tags?post=162793"}],"curies":[{"name":"wp","href":"https:\/\/api.w.org\/{rel}","templated":true}]}}