{"id":162801,"date":"2020-04-08T07:50:37","date_gmt":"2020-04-08T10:50:37","guid":{"rendered":"http:\/\/www.caririemacao.com\/1\/?p=162801"},"modified":"2020-04-08T07:50:39","modified_gmt":"2020-04-08T10:50:39","slug":"ajuda-emergencial-nao-pode-ser-debitada-para-quitar-dividas-diz-caixa","status":"publish","type":"post","link":"https:\/\/www.caririemacao.com\/1\/2020\/04\/08\/ajuda-emergencial-nao-pode-ser-debitada-para-quitar-dividas-diz-caixa\/","title":{"rendered":"Ajuda emergencial n\u00e3o pode ser debitada para quitar d\u00edvidas, diz Caixa"},"content":{"rendered":"\n<p>O aux\u00edlio emergencial de R$ 600 para trabalhadores de baixa renda afetados pela pandemia do novo coronav\u00edrus n\u00e3o poder\u00e1 ser debitado automaticamente caso haja d\u00edvidas em atraso e saldo negativo na conta, disse hoje (7) o vice-presidente de Rede de Varejo da Caixa Econ\u00f4mica Federal, Paulo Henrique Angelo. Segundo ele, o alerta recebido no momento do cadastro ser\u00e1 cancelado ainda esta noite.<\/p>\n\n\n\n<p>&nbsp;\u201cTodo cr\u00e9dito que for efetuado em conta corrente, nos bancos, n\u00e3o haver\u00e1 o d\u00e9bito [autom\u00e1tico]. A gente colocou uma mensagem de alerta, quando foi feito o desenvolvimento do aplicativo, para eventuais d\u00e9bitos na conta que pudessem ser descontados. Com a realiza\u00e7\u00e3o e o fechamento de acordo com todos os bancos no Brasil, na atualiza\u00e7\u00e3o [do site e do aplicativo] desta noite n\u00f3s excluiremos este alerta. Ent\u00e3o, amanh\u00e3 ningu\u00e9m mais ter\u00e1 esse alerta. N\u00e3o haver\u00e1 nenhum d\u00e9bito do valor a ser creditado do benef\u00edcio\u201d, afirmou Angelo em entrevista coletiva para explicar o pagamento do benef\u00edcio.<\/p>\n\n\n\n<p>Os trabalhadores informais, microempreendedores individuais e aut\u00f4nomos que pagam contribui\u00e7\u00e3o individual ou facultativa \u00e0 Previd\u00eancia Social receberam o aviso de que a ajuda emergencial poderia ser descontada para quitar d\u00e9bitos em atraso caso a conta estivesse no vermelho. A mensagem apareceu no momento de preencher os dados da conta banc\u00e1ria.<\/p>\n\n\n\n<p>Segundo Angelo, um acordo entre o governo e a Federa\u00e7\u00e3o Brasileira de Bancos (Febraban) garantiu que os dep\u00f3sitos do aux\u00edlio emergencial de R$ 600, que podem chegar a R$ 1,2 mil para m\u00e3es solteiras, n\u00e3o sofrer\u00e3o nenhum tipo de d\u00e9bito autom\u00e1tico. \u201cColocamos mensagem de alerta para eventual desconto de d\u00e9bitos do aux\u00edlio antes [do fechamento do acordo], mas essa mensagem ser\u00e1 retirada do sistema ainda hoje \u00e0 noite\u201d, garantiu.<\/p>\n\n\n\n<p>Pela manh\u00e3, o ministro da Cidadania, Onyx Lorenzoni, tinha dito que o benef\u00edcio n\u00e3o ser\u00e1 abatido mesmo para quem estiver com cheque especial no negativo.<\/p>\n\n\n\n<p>Em nota, a Febraban informou que a veda\u00e7\u00e3o a descontos autom\u00e1ticos do benef\u00edcio consta do mesmo acordo que isentou, por 90 dias, a cobran\u00e7a de tarifas de DOC ou de TED sobre a transfer\u00eancia do benef\u00edcio para contas de outros bancos. \u201cAs institui\u00e7\u00f5es financeiras colocar\u00e3o esses valores [do aux\u00edlio] em uma conta separada da conta principal do benefici\u00e1rio, mas vinculada a ela. Assim, os recursos poder\u00e3o ser movimentados usando os mesmos cart\u00e3o e senha da conta principal, sem que haja risco de que sejam realizados d\u00e9bitos indevidos sobre o valor do aux\u00edlio emergencial\u201d, explicou a entidade.<\/p>\n","protected":false},"excerpt":{"rendered":"<p>O aux\u00edlio emergencial de R$ 600 para trabalhadores de baixa renda afetados pela pandemia do novo coronav\u00edrus n\u00e3o poder\u00e1 ser debitado automaticamente caso haja d\u00edvidas&hellip; <\/p>\n","protected":false},"author":2,"featured_media":162802,"comment_status":"closed","ping_status":"closed","sticky":false,"template":"","format":"standard","meta":{"sfsi_plus_gutenberg_text_before_share":"","sfsi_plus_gutenberg_show_text_before_share":"","sfsi_plus_gutenberg_icon_type":"","sfsi_plus_gutenberg_icon_alignemt":"","sfsi_plus_gutenburg_max_per_row":"","footnotes":""},"categories":[2],"tags":[],"class_list":["post-162801","post","type-post","status-publish","format-standard","has-post-thumbnail","hentry","category-geral"],"_links":{"self":[{"href":"https:\/\/www.caririemacao.com\/1\/wp-json\/wp\/v2\/posts\/162801","targetHints":{"allow":["GET"]}}],"collection":[{"href":"https:\/\/www.caririemacao.com\/1\/wp-json\/wp\/v2\/posts"}],"about":[{"href":"https:\/\/www.caririemacao.com\/1\/wp-json\/wp\/v2\/types\/post"}],"author":[{"embeddable":true,"href":"https:\/\/www.caririemacao.com\/1\/wp-json\/wp\/v2\/users\/2"}],"replies":[{"embeddable":true,"href":"https:\/\/www.caririemacao.com\/1\/wp-json\/wp\/v2\/comments?post=162801"}],"version-history":[{"count":1,"href":"https:\/\/www.caririemacao.com\/1\/wp-json\/wp\/v2\/posts\/162801\/revisions"}],"predecessor-version":[{"id":162803,"href":"https:\/\/www.caririemacao.com\/1\/wp-json\/wp\/v2\/posts\/162801\/revisions\/162803"}],"wp:featuredmedia":[{"embeddable":true,"href":"https:\/\/www.caririemacao.com\/1\/wp-json\/wp\/v2\/media\/162802"}],"wp:attachment":[{"href":"https:\/\/www.caririemacao.com\/1\/wp-json\/wp\/v2\/media?parent=162801"}],"wp:term":[{"taxonomy":"category","embeddable":true,"href":"https:\/\/www.caririemacao.com\/1\/wp-json\/wp\/v2\/categories?post=162801"},{"taxonomy":"post_tag","embeddable":true,"href":"https:\/\/www.caririemacao.com\/1\/wp-json\/wp\/v2\/tags?post=162801"}],"curies":[{"name":"wp","href":"https:\/\/api.w.org\/{rel}","templated":true}]}}