{"id":162809,"date":"2020-04-08T07:54:11","date_gmt":"2020-04-08T10:54:11","guid":{"rendered":"http:\/\/www.caririemacao.com\/1\/?p=162809"},"modified":"2020-04-08T07:54:12","modified_gmt":"2020-04-08T10:54:12","slug":"antes-da-pandemia-vendas-do-varejo-ampliado-da-paraiba-tem-maior-crescimento-do-nordeste-revela-ibge","status":"publish","type":"post","link":"https:\/\/www.caririemacao.com\/1\/2020\/04\/08\/antes-da-pandemia-vendas-do-varejo-ampliado-da-paraiba-tem-maior-crescimento-do-nordeste-revela-ibge\/","title":{"rendered":"Antes da pandemia, vendas do varejo ampliado da Para\u00edba t\u00eam maior crescimento do Nordeste, revela IBGE"},"content":{"rendered":"\n<p>As vendas do varejo ampliado da Para\u00edba, que analisa os segmentos de ve\u00edculos, pe\u00e7as e materiais de constru\u00e7\u00e3o, registraram em fevereiro o maior crescimento da Regi\u00e3o Nordeste e 5\u00ba maior do Pa\u00eds, segundo Pesquisa Mensal do Com\u00e9rcio (PMC), divulgada nesta ter\u00e7a-feira (7) pelo Instituto Brasileiro de Geografia e Estat\u00edstica (IBGE), antes do in\u00edcio da pandemia de COVID-19. A alta do segmento foi de 2,3% em rela\u00e7\u00e3o ao m\u00eas anterior, que ficou tamb\u00e9m acima da m\u00e9dia nacional (0,7%), \u00e9 anterior \u00e0s medidas de isolamento social, e foram impostas devido \u00e0 pandemia do novo coronav\u00edrus (covid-19), adotadas apenas a partir de meados de mar\u00e7o.<\/p>\n\n\n\n<p>O volume de vendas do com\u00e9rcio varejista tamb\u00e9m apresentou alta de 1,1% em fevereiro, depois de dois meses consecutivos com \u00edndices negativos.&nbsp; Em rela\u00e7\u00e3o ao acumulado de 12 meses, as vendas na Para\u00edba tiveram um saldo positivo de 0,8%, enquanto a receita nominal do setor paraibano, por sua vez, registrou varia\u00e7\u00e3o de 3,7% no intervalo.<br><\/p>\n\n\n\n<p>Segundo o IBGE, os setores que mais impulsionaram as vendas do com\u00e9rcio na passagem de janeiro para fevereiro, cinco das oito atividades pesquisadas pelo IBGE tiveram alta: m\u00f3veis e eletrodom\u00e9sticos, tecidos, vestu\u00e1rio e cal\u00e7ados, outros artigos de uso pessoal e dom\u00e9stico, hipermercados, supermercados, produtos aliment\u00edcios, bebidas e fumo e artigos farmac\u00eauticos, m\u00e9dicos, ortop\u00e9dicos, de perfumaria e cosm\u00e9ticos.<\/p>\n\n\n\n<figure class=\"wp-block-image\"><img decoding=\"async\" data-src=\"https:\/\/www.clickpb.com.br\/media\/filer_public\/b0\/8c\/b08c02be-3cd8-4840-b97b-34490454f9a9\/screenshot_4.jpg\" alt=\"\" src=\"data:image\/svg+xml;base64,PHN2ZyB3aWR0aD0iMSIgaGVpZ2h0PSIxIiB4bWxucz0iaHR0cDovL3d3dy53My5vcmcvMjAwMC9zdmciPjwvc3ZnPg==\" class=\"lazyload\" \/><\/figure>\n\n\n\n<p><br>&nbsp;<br>No ranking do Nordeste do com\u00e9rcio ampliado, al\u00e9m da Para\u00edba (2,3%), as maiores taxas foram dos estados do Sergipe (2%), Alagoas (1,7%) e a Bahia (1,5%).<\/p>\n\n\n\n<figure class=\"wp-block-image\"><img decoding=\"async\" data-src=\"https:\/\/www.clickpb.com.br\/media\/filer_public\/c5\/6e\/c56ef75e-63ac-466a-8d87-b1ff70ed1db6\/screenshot_5.jpg\" alt=\"\" src=\"data:image\/svg+xml;base64,PHN2ZyB3aWR0aD0iMSIgaGVpZ2h0PSIxIiB4bWxucz0iaHR0cDovL3d3dy53My5vcmcvMjAwMC9zdmciPjwvc3ZnPg==\" class=\"lazyload\" \/><\/figure>\n\n\n\n<p><br>&nbsp;<br>Quanto aos impactos da pandemia do novo coronav\u00edrus, o analista do IBGE ligado \u00e0 pesquisa, Cristiano Santos, afirmou que o resultado de fevereiro n\u00e3o apresenta essa influ\u00eancia, pois ainda n\u00e3o havia um indicativo real de que a doen\u00e7a atingiria seriamente o pa\u00eds. \u201cN\u00e3o acredito que tenha sido um fator de impacto aparente no aumento de receitas dos supermercados, por exemplo. O pre\u00e7o do d\u00f3lar e a queda do petr\u00f3leo contribuem, mas o fator coronav\u00edrus s\u00f3 deve come\u00e7ar a ser sentido a partir de mar\u00e7o\u201d, acredita.<\/p>\n","protected":false},"excerpt":{"rendered":"<p>As vendas do varejo ampliado da Para\u00edba, que analisa os segmentos de ve\u00edculos, pe\u00e7as e materiais de constru\u00e7\u00e3o, registraram em fevereiro o maior crescimento da&hellip; <\/p>\n","protected":false},"author":2,"featured_media":162810,"comment_status":"closed","ping_status":"closed","sticky":false,"template":"","format":"standard","meta":{"sfsi_plus_gutenberg_text_before_share":"","sfsi_plus_gutenberg_show_text_before_share":"","sfsi_plus_gutenberg_icon_type":"","sfsi_plus_gutenberg_icon_alignemt":"","sfsi_plus_gutenburg_max_per_row":"","footnotes":""},"categories":[2],"tags":[],"class_list":["post-162809","post","type-post","status-publish","format-standard","has-post-thumbnail","hentry","category-geral"],"_links":{"self":[{"href":"https:\/\/www.caririemacao.com\/1\/wp-json\/wp\/v2\/posts\/162809","targetHints":{"allow":["GET"]}}],"collection":[{"href":"https:\/\/www.caririemacao.com\/1\/wp-json\/wp\/v2\/posts"}],"about":[{"href":"https:\/\/www.caririemacao.com\/1\/wp-json\/wp\/v2\/types\/post"}],"author":[{"embeddable":true,"href":"https:\/\/www.caririemacao.com\/1\/wp-json\/wp\/v2\/users\/2"}],"replies":[{"embeddable":true,"href":"https:\/\/www.caririemacao.com\/1\/wp-json\/wp\/v2\/comments?post=162809"}],"version-history":[{"count":1,"href":"https:\/\/www.caririemacao.com\/1\/wp-json\/wp\/v2\/posts\/162809\/revisions"}],"predecessor-version":[{"id":162811,"href":"https:\/\/www.caririemacao.com\/1\/wp-json\/wp\/v2\/posts\/162809\/revisions\/162811"}],"wp:featuredmedia":[{"embeddable":true,"href":"https:\/\/www.caririemacao.com\/1\/wp-json\/wp\/v2\/media\/162810"}],"wp:attachment":[{"href":"https:\/\/www.caririemacao.com\/1\/wp-json\/wp\/v2\/media?parent=162809"}],"wp:term":[{"taxonomy":"category","embeddable":true,"href":"https:\/\/www.caririemacao.com\/1\/wp-json\/wp\/v2\/categories?post=162809"},{"taxonomy":"post_tag","embeddable":true,"href":"https:\/\/www.caririemacao.com\/1\/wp-json\/wp\/v2\/tags?post=162809"}],"curies":[{"name":"wp","href":"https:\/\/api.w.org\/{rel}","templated":true}]}}