{"id":162828,"date":"2020-04-08T08:08:09","date_gmt":"2020-04-08T11:08:09","guid":{"rendered":"http:\/\/www.caririemacao.com\/1\/?p=162828"},"modified":"2020-04-08T08:08:11","modified_gmt":"2020-04-08T11:08:11","slug":"caixa-abrira-30-milhoes-de-poupancas-para-quem-recebera-auxilio-de-r-600-e-nao-tem-conta-em-banco","status":"publish","type":"post","link":"https:\/\/www.caririemacao.com\/1\/2020\/04\/08\/caixa-abrira-30-milhoes-de-poupancas-para-quem-recebera-auxilio-de-r-600-e-nao-tem-conta-em-banco\/","title":{"rendered":"Caixa abrir\u00e1 30 milh\u00f5es de poupan\u00e7as para quem receber\u00e1 aux\u00edlio de R$ 600 e n\u00e3o tem conta em banco"},"content":{"rendered":"\n<p>&nbsp;A Caixa Econ\u00f4mica Federal abrir\u00e1 mais de 30 milh\u00f5es de poupan\u00e7as para quem receber\u00e1 o aux\u00edlio emergencial de R$ 600 e n\u00e3o tem conta em banco. O objetivo da medida \u00e9 fazer o benef\u00edcio chegar a quem n\u00e3o est\u00e1 no sistema financeiro, sem que todos precisem ir \u00e0s ag\u00eancias para sacar o dinheiro.<br><\/p>\n\n\n\n<p>O an\u00fancio foi feito nesta ter\u00e7a-feira pelo presidente da Caixa, Pedro Guimar\u00e3es. Segundo ele, a medida, al\u00e9m de viabilizar os pagamentos do aux\u00edlio durante a crise do coronav\u00edrus, ajudar\u00e1 a diminuir o n\u00famero de desbancarizados no pa\u00eds, que n\u00e3o t\u00eam acesso a cr\u00e9dito, por exemplo.<\/p>\n\n\n\n<p>\u2014 N\u00f3s temos mais de 30 milh\u00f5es de brasileiros sem acesso a nenhum tipo de conta. Normalmente, essas pessoas s\u00e3o aquelas que tomam dinheiro a 20% ao m\u00eas, 25% ao m\u00eas, no m\u00ednimo. Existe um componente de inclus\u00e3o social muito relevante \u2014 disse Guimar\u00e3es.<\/p>\n\n\n\n<p>A cria\u00e7\u00e3o da poupan\u00e7a social digital \u00e9 uma exig\u00eancia da lei aprovada pelo Congresso e sancionada pelo presidente Jair Bolsonaro na semana passada. O texto obriga que o governo ofere\u00e7a ao menos uma transfer\u00eancia eletr\u00f4nica por m\u00eas para a operacionaliza\u00e7\u00e3o do pagamento. Tamb\u00e9m est\u00e1 previsto que n\u00e3o haver\u00e1 cobran\u00e7a de tarifas.<\/p>\n\n\n\n<p><strong>Movimento estrat\u00e9gico para a Caixa<\/strong><br><\/p>\n\n\n\n<p>A abertura das contas digitais tamb\u00e9m ser\u00e1 estrat\u00e9gica para os neg\u00f3cios da Caixa. Como as poupan\u00e7as continuar\u00e3o a funcionar depois da pandemia, a institui\u00e7\u00e3o vai conseguir ter acesso a um novo p\u00fablico, que poder\u00e1 a ter acesso a outros produtos no futuro, como microcr\u00e9dito.<\/p>\n\n\n\n<p>\u2014 S\u00e3o milh\u00f5es de brasileiros que, pela&nbsp; primeira vez da vida deles passar\u00e3o a ter uma conta de gra\u00e7a e para sempre porque a Caixa n\u00e3o vai fazer cobran\u00e7a de absolutamente nenhuma dessas contas. N\u00e3o ser\u00e1 um movimento de tr\u00eas meses. \u00c9 algo estrat\u00e9gico nosso, mais importante agora \u00e9 criar esse banco de microcr\u00e9dito \u2014 afirmou Guimar\u00e3es.<\/p>\n\n\n\n<p>O banco p\u00fablico conseguiu a exclusividade nos pagamentos ap\u00f3s uma queda de bra\u00e7o interna entre t\u00e9cnicos que trabalharam no desenho do plano. Equipes do Minist\u00e9rio da Cidania preferiam que a opera\u00e7\u00e3o fosse feita pelo Banco do Brasil. J\u00e1 os t\u00e9cnicos do Planalto tinham prefer\u00eancia pela Caixa.<\/p>\n\n\n\n<p>Outra corrente defendia que os repasses pudessem ser feitos por qualquer banco p\u00fablico federal, como o Banco do Nordeste e o Basa, da Amaz\u00f4nia. No fim, venceu o argumento sobre a capilaridade da Caixa em todo o pa\u00eds e a expertise de trabalhar com benefici\u00e1rios do Bolsa Fam\u00edlia.<\/p>\n\n\n\n<p><strong>Veja quem pode receber<\/strong><br><\/p>\n\n\n\n<ul class=\"wp-block-list\"><li>Trabalhadores por conta pr\u00f3pria sem v\u00ednculo de emprego formal, ou seja, sem carteira assinada;<\/li><li>No caso, precisam ter mais de 18 anos e ter o nome no Cadastro \u00danico (Cad\u00danico), do Minist\u00e9rio da Cidadania. Precisam ter renda mensal de at\u00e9 meio sal\u00e1rio m\u00ednimo (R$ 522,50) ou renda mensal familiar de at\u00e9 tr\u00eas sal\u00e1rios (R$ 3.135). O aux\u00edlio ser\u00e1 pago a at\u00e9 duas pessoas da mesma fam\u00edlia;<\/li><li>Trabalhadores intermitentes, ou seja, aqueles que prestam servi\u00e7o por horas, dias ou meses para mais de um empregador;<\/li><li>Tamb\u00e9m precisam ser maiores de idade e estarem inscritos no Cadastro Nacional de Informa\u00e7\u00f5es Sociais (CNIS) da Previd\u00eancia Social, seguindo os crit\u00e9rios de renda acima;<\/li><li>Pela proposta, o aux\u00edlio poder\u00e1 ser pago a at\u00e9 duas pessoas de uma mesma fam\u00edlia, com renda de at\u00e9 tr\u00eas sal\u00e1rios m\u00ednimos, por tr\u00eas meses<\/li><\/ul>\n\n\n\n<p><strong>Mulheres chefes de fam\u00edlia<\/strong><br><\/p>\n\n\n\n<ul class=\"wp-block-list\"><li>Estas v\u00e3o ganhar duas cotas do benef\u00edcio, chegando a R$ 1.200. Para fazer jus ao aux\u00edlio financeiro emergencial, ela tamb\u00e9m ter\u00e1 de seguir os crit\u00e9rios de renda<\/li><\/ul>\n\n\n\n<p><strong>Trabalhadores Aut\u00f4nomos<\/strong><br><\/p>\n\n\n\n<ul class=\"wp-block-list\"><li>Precisam ser maiores de idade e estarem inscritos na Previd\u00eancia Social como contribuintes individuais e atenderem os requisitos de renda.<\/li><li>Microempreendedores individuais (MEI), que fazem parte de um regime tribut\u00e1rio diferenciado com faturamento anual de R$ 81 mil. Para receber o aux\u00edlio \u00e9 preciso atender o crit\u00e9rio da renda estabelecido no projeto, al\u00e9m de estar inscrito na Previd\u00eancia Social como contribuinte individual.<\/li><li>Demais trabalhadores informais que n\u00e3o est\u00e3o inscritos no cadastros do governo e n\u00e3o contribuem para a Previd\u00eancia Social. Est\u00e3o nesse grupo vendedores ambulantes, diaristas, manicures, cabeleireiros e outras ocupa\u00e7\u00f5es.&nbsp; Neste caso, sera preciso fazer uma autodeclara\u00e7\u00e3o junto \u00e0 Caixa Econ\u00f4mica Federal<\/li><\/ul>\n\n\n\n<p><strong>Benefici\u00e1rios do Bolsa Fam\u00edlia<\/strong><br><\/p>\n\n\n\n<ul class=\"wp-block-list\"><li>Quem recebe o benef\u00edcio do Bolsa Fam\u00edlia receber\u00e1 o aux\u00edlio emergencial, se ele for mais vantajoso. Essas pessoas j\u00e1 est\u00e3o inscritas no Cadastro \u00danico e n\u00e3o v\u00e3o precisar pedir a troca tempor\u00e1ria do benef\u00edcio. Mas n\u00e3o ser\u00e1 poss\u00edvel acumular os dois.<\/li><li>Pessoas com defici\u00eancia de baixa renda que est\u00e3o na fila do INSS para receber o Benef\u00edcio de Presta\u00e7\u00e3o Continuada (BPC)<\/li><li>O projeto permite antecipa\u00e7\u00e3o do aux\u00edlio para zerar a fila do INSS<\/li><li>MP 936:&nbsp; Trabalhador que tiver contrato suspenso ter\u00e1 de contribuir sozinho para INSS<\/li><\/ul>\n\n\n\n<p><strong>N\u00e3o podem receber o aux\u00edlio<\/strong><br><\/p>\n\n\n\n<ul class=\"wp-block-list\"><li>Aposentados e pensionistas do INSS: N\u00e3o ser\u00e1 permitido acumular o aux\u00edlio com renda da aposentadoria. Aposentados n\u00e3o se enquadram no grupo mais vulner\u00e1vel \u00e0 crise.<\/li><li>Trabalhadores que estejam recebendo outros de tipos de benef\u00edcios previdenci\u00e1rios, como aux\u00edlio doen\u00e7a, sal\u00e1rio-maternidade, aux\u00edlio acidente de trabalho<\/li><li>Desempregados que estejam recebendo seguro-desemprego<\/li><li>Idosos e deficientes da baixa renda que recebem o Benef\u00edcio de Presta\u00e7\u00e3o Continuada (BPC)<\/li><li>Estudantes e donas de casa que fazem parte da popula\u00e7\u00e3o economicamente inativa<\/li><\/ul>\n","protected":false},"excerpt":{"rendered":"<p>&nbsp;A Caixa Econ\u00f4mica Federal abrir\u00e1 mais de 30 milh\u00f5es de poupan\u00e7as para quem receber\u00e1 o aux\u00edlio emergencial de R$ 600 e n\u00e3o tem conta em&hellip; <\/p>\n","protected":false},"author":2,"featured_media":162826,"comment_status":"closed","ping_status":"closed","sticky":false,"template":"","format":"standard","meta":{"sfsi_plus_gutenberg_text_before_share":"","sfsi_plus_gutenberg_show_text_before_share":"","sfsi_plus_gutenberg_icon_type":"","sfsi_plus_gutenberg_icon_alignemt":"","sfsi_plus_gutenburg_max_per_row":"","footnotes":""},"categories":[50,2],"tags":[],"class_list":["post-162828","post","type-post","status-publish","format-standard","has-post-thumbnail","hentry","category-destaque","category-geral"],"_links":{"self":[{"href":"https:\/\/www.caririemacao.com\/1\/wp-json\/wp\/v2\/posts\/162828","targetHints":{"allow":["GET"]}}],"collection":[{"href":"https:\/\/www.caririemacao.com\/1\/wp-json\/wp\/v2\/posts"}],"about":[{"href":"https:\/\/www.caririemacao.com\/1\/wp-json\/wp\/v2\/types\/post"}],"author":[{"embeddable":true,"href":"https:\/\/www.caririemacao.com\/1\/wp-json\/wp\/v2\/users\/2"}],"replies":[{"embeddable":true,"href":"https:\/\/www.caririemacao.com\/1\/wp-json\/wp\/v2\/comments?post=162828"}],"version-history":[{"count":1,"href":"https:\/\/www.caririemacao.com\/1\/wp-json\/wp\/v2\/posts\/162828\/revisions"}],"predecessor-version":[{"id":162831,"href":"https:\/\/www.caririemacao.com\/1\/wp-json\/wp\/v2\/posts\/162828\/revisions\/162831"}],"wp:featuredmedia":[{"embeddable":true,"href":"https:\/\/www.caririemacao.com\/1\/wp-json\/wp\/v2\/media\/162826"}],"wp:attachment":[{"href":"https:\/\/www.caririemacao.com\/1\/wp-json\/wp\/v2\/media?parent=162828"}],"wp:term":[{"taxonomy":"category","embeddable":true,"href":"https:\/\/www.caririemacao.com\/1\/wp-json\/wp\/v2\/categories?post=162828"},{"taxonomy":"post_tag","embeddable":true,"href":"https:\/\/www.caririemacao.com\/1\/wp-json\/wp\/v2\/tags?post=162828"}],"curies":[{"name":"wp","href":"https:\/\/api.w.org\/{rel}","templated":true}]}}