{"id":162840,"date":"2020-04-08T08:14:35","date_gmt":"2020-04-08T11:14:35","guid":{"rendered":"http:\/\/www.caririemacao.com\/1\/?p=162840"},"modified":"2020-04-08T08:14:36","modified_gmt":"2020-04-08T11:14:36","slug":"video-onyx-lorenzoni-anuncia-reabertura-do-comercio-logo-depois-da-pascoa","status":"publish","type":"post","link":"https:\/\/www.caririemacao.com\/1\/2020\/04\/08\/video-onyx-lorenzoni-anuncia-reabertura-do-comercio-logo-depois-da-pascoa\/","title":{"rendered":"V\u00eddeo: Onyx Lorenzoni anuncia reabertura do com\u00e9rcio: \u2018logo depois da P\u00e1scoa\u2019"},"content":{"rendered":"\n<p>Em entrevista coletiva na manh\u00e3 desta ter\u00e7a-feira (7), o ministro da Cidadania, Onyx Lorenzoni, anunciou que o governo Jair Bolsonaro deve autorizar a reabertura do com\u00e9rcio \u201cem muitas regi\u00f5es do pa\u00eds\u201d logo depois da P\u00e1scoa, que acontece no pr\u00f3ximo domingo (12).<\/p>\n\n\n\n<p>\u201cSe Deus quiser, na medida que as coisas v\u00e3o avan\u00e7ando no Brasil, n\u00f3s vamos retomar o trabalho em poucos dias. J\u00e1 em muitas regi\u00f5es do pa\u00eds, logo depois da P\u00e1scoa, a atividade econ\u00f4mica do Brasil volta\u201d, afirmou o ministro (veja no v\u00eddeo abaixo, a partir de 1h00).<\/p>\n\n\n\n<p>Segundo Lorenzoni, a orienta\u00e7\u00e3o do presidente \u00e9 \u201cequilibrar\u201d a prote\u00e7\u00e3o \u00e0 sa\u00fade com a economia.<\/p>\n\n\n\n<p>\u201cO presidente Bolsonaro olha para o Brasil como um todo e ele defende que aja um equil\u00edbrio nas a\u00e7\u00f5es preventivas de prote\u00e7\u00e3o \u00e0 sa\u00fade, mas a gente n\u00e3o pode esquecer que as pessoas precisam continuar vivendo, se alimentando, se vestindo, podendo comprar rem\u00e9dio e dar aten\u00e7\u00e3o a seus filhos. N\u00f3s precisamos ter o equil\u00edbrio. Esse \u00e9 o desafio do presidente Bolsonaro e esse \u00e9 o desafio que ele nos imp\u00f5e\u201d.<\/p>\n\n\n\n<figure><iframe data-src=\"https:\/\/www.youtube.com\/embed\/ZKSzFatDXPU?version=3&amp;rel=1&amp;fs=1&amp;autohide=2&amp;showsearch=0&amp;showinfo=1&amp;iv_load_policy=1&amp;wmode=transparent\" allowfullscreen=\"true\" src=\"data:image\/svg+xml;base64,PHN2ZyB3aWR0aD0iMSIgaGVpZ2h0PSIxIiB4bWxucz0iaHR0cDovL3d3dy53My5vcmcvMjAwMC9zdmciPjwvc3ZnPg==\" class=\"lazyload\" data-load-mode=\"1\"><\/iframe><\/figure>\n\n\n\n<p>Pol\u00eamica Para\u00edba<\/p>\n","protected":false},"excerpt":{"rendered":"<p>Em entrevista coletiva na manh\u00e3 desta ter\u00e7a-feira (7), o ministro da Cidadania, Onyx Lorenzoni, anunciou que o governo Jair Bolsonaro deve autorizar a reabertura do&hellip; <\/p>\n","protected":false},"author":2,"featured_media":162841,"comment_status":"closed","ping_status":"closed","sticky":false,"template":"","format":"standard","meta":{"sfsi_plus_gutenberg_text_before_share":"","sfsi_plus_gutenberg_show_text_before_share":"","sfsi_plus_gutenberg_icon_type":"","sfsi_plus_gutenberg_icon_alignemt":"","sfsi_plus_gutenburg_max_per_row":"","footnotes":""},"categories":[2],"tags":[],"class_list":["post-162840","post","type-post","status-publish","format-standard","has-post-thumbnail","hentry","category-geral"],"_links":{"self":[{"href":"https:\/\/www.caririemacao.com\/1\/wp-json\/wp\/v2\/posts\/162840","targetHints":{"allow":["GET"]}}],"collection":[{"href":"https:\/\/www.caririemacao.com\/1\/wp-json\/wp\/v2\/posts"}],"about":[{"href":"https:\/\/www.caririemacao.com\/1\/wp-json\/wp\/v2\/types\/post"}],"author":[{"embeddable":true,"href":"https:\/\/www.caririemacao.com\/1\/wp-json\/wp\/v2\/users\/2"}],"replies":[{"embeddable":true,"href":"https:\/\/www.caririemacao.com\/1\/wp-json\/wp\/v2\/comments?post=162840"}],"version-history":[{"count":1,"href":"https:\/\/www.caririemacao.com\/1\/wp-json\/wp\/v2\/posts\/162840\/revisions"}],"predecessor-version":[{"id":162842,"href":"https:\/\/www.caririemacao.com\/1\/wp-json\/wp\/v2\/posts\/162840\/revisions\/162842"}],"wp:featuredmedia":[{"embeddable":true,"href":"https:\/\/www.caririemacao.com\/1\/wp-json\/wp\/v2\/media\/162841"}],"wp:attachment":[{"href":"https:\/\/www.caririemacao.com\/1\/wp-json\/wp\/v2\/media?parent=162840"}],"wp:term":[{"taxonomy":"category","embeddable":true,"href":"https:\/\/www.caririemacao.com\/1\/wp-json\/wp\/v2\/categories?post=162840"},{"taxonomy":"post_tag","embeddable":true,"href":"https:\/\/www.caririemacao.com\/1\/wp-json\/wp\/v2\/tags?post=162840"}],"curies":[{"name":"wp","href":"https:\/\/api.w.org\/{rel}","templated":true}]}}