{"id":162843,"date":"2020-04-08T08:18:10","date_gmt":"2020-04-08T11:18:10","guid":{"rendered":"http:\/\/www.caririemacao.com\/1\/?p=162843"},"modified":"2020-04-08T08:18:12","modified_gmt":"2020-04-08T11:18:12","slug":"em-24-horas-covid-19-mata-114-pessoas-no-brasil-diz-ministerio-da-saude","status":"publish","type":"post","link":"https:\/\/www.caririemacao.com\/1\/2020\/04\/08\/em-24-horas-covid-19-mata-114-pessoas-no-brasil-diz-ministerio-da-saude\/","title":{"rendered":"Em 24 horas, Covid-19 mata 114 pessoas no Brasil, diz Minist\u00e9rio da Sa\u00fade"},"content":{"rendered":"\n<p>O Brasil registrou nesta ter\u00e7a-feira (07) mais 114 mortes em decorr\u00eancia do novo coronav\u00edrus.<\/p>\n\n\n\n<p>Com o novo balan\u00e7o divulgado pelo Minist\u00e9rio da Sa\u00fade, o n\u00famero de \u00f3bitos \u00e9 de 667 e 13.717 de casos confirmados. A taxa de letalidade 4.9%.<\/p>\n\n\n\n<p>Na segunda (6), havia 553 mortes e 12.056 casos confirmados. Em rela\u00e7\u00e3o ao balan\u00e7o anterior, foram acrescentadas 114 mortes e 1.661 casos confirmados.<\/p>\n\n\n\n<p><strong>MaisPB<\/strong><\/p>\n\n\n\n<p><\/p>\n","protected":false},"excerpt":{"rendered":"<p>O Brasil registrou nesta ter\u00e7a-feira (07) mais 114 mortes em decorr\u00eancia do novo coronav\u00edrus. Com o novo balan\u00e7o divulgado pelo Minist\u00e9rio da Sa\u00fade, o n\u00famero&hellip; <\/p>\n","protected":false},"author":2,"featured_media":162844,"comment_status":"closed","ping_status":"closed","sticky":false,"template":"","format":"standard","meta":{"sfsi_plus_gutenberg_text_before_share":"","sfsi_plus_gutenberg_show_text_before_share":"","sfsi_plus_gutenberg_icon_type":"","sfsi_plus_gutenberg_icon_alignemt":"","sfsi_plus_gutenburg_max_per_row":"","footnotes":""},"categories":[50,16],"tags":[],"class_list":["post-162843","post","type-post","status-publish","format-standard","has-post-thumbnail","hentry","category-destaque","category-saude"],"_links":{"self":[{"href":"https:\/\/www.caririemacao.com\/1\/wp-json\/wp\/v2\/posts\/162843","targetHints":{"allow":["GET"]}}],"collection":[{"href":"https:\/\/www.caririemacao.com\/1\/wp-json\/wp\/v2\/posts"}],"about":[{"href":"https:\/\/www.caririemacao.com\/1\/wp-json\/wp\/v2\/types\/post"}],"author":[{"embeddable":true,"href":"https:\/\/www.caririemacao.com\/1\/wp-json\/wp\/v2\/users\/2"}],"replies":[{"embeddable":true,"href":"https:\/\/www.caririemacao.com\/1\/wp-json\/wp\/v2\/comments?post=162843"}],"version-history":[{"count":1,"href":"https:\/\/www.caririemacao.com\/1\/wp-json\/wp\/v2\/posts\/162843\/revisions"}],"predecessor-version":[{"id":162845,"href":"https:\/\/www.caririemacao.com\/1\/wp-json\/wp\/v2\/posts\/162843\/revisions\/162845"}],"wp:featuredmedia":[{"embeddable":true,"href":"https:\/\/www.caririemacao.com\/1\/wp-json\/wp\/v2\/media\/162844"}],"wp:attachment":[{"href":"https:\/\/www.caririemacao.com\/1\/wp-json\/wp\/v2\/media?parent=162843"}],"wp:term":[{"taxonomy":"category","embeddable":true,"href":"https:\/\/www.caririemacao.com\/1\/wp-json\/wp\/v2\/categories?post=162843"},{"taxonomy":"post_tag","embeddable":true,"href":"https:\/\/www.caririemacao.com\/1\/wp-json\/wp\/v2\/tags?post=162843"}],"curies":[{"name":"wp","href":"https:\/\/api.w.org\/{rel}","templated":true}]}}