{"id":162847,"date":"2020-04-08T08:19:51","date_gmt":"2020-04-08T11:19:51","guid":{"rendered":"http:\/\/www.caririemacao.com\/1\/?p=162847"},"modified":"2020-04-08T08:19:53","modified_gmt":"2020-04-08T11:19:53","slug":"apos-lancar-aplicativo-governo-divulga-calendario-de-pagamento-do-auxilio-emergencial-confira-aqui","status":"publish","type":"post","link":"https:\/\/www.caririemacao.com\/1\/2020\/04\/08\/apos-lancar-aplicativo-governo-divulga-calendario-de-pagamento-do-auxilio-emergencial-confira-aqui\/","title":{"rendered":"Ap\u00f3s lan\u00e7ar aplicativo, Governo divulga calend\u00e1rio de pagamento do aux\u00edlio emergencial; CONFIRA AQUI"},"content":{"rendered":"\n<p>A Caixa Econ\u00f4mica Federal lan\u00e7ou um site e liberou aplicativo para que trabalhadores informais, aut\u00f4nomos e microempreendedores individuais solicitarem aux\u00edlio emergencial de R$ 600 que ser\u00e1 pago pelo governo federal durante pandemia do coronav\u00edrus.<strong><a href=\"https:\/\/auxilio.caixa.gov.br\/#\/inicio\">&nbsp;Cliquei aqui e acesse o site<\/a><\/strong>.<\/p>\n\n\n\n<p>O pagamento est\u00e1 previsto para come\u00e7ar na pr\u00f3xima quinta-feira (09), segundo o Minist\u00e9rio da Cidadania. (Confira o calend\u00e1rio no fina da mat\u00e9ria)<\/p>\n\n\n\n<p>O aplicativo est\u00e1 dispon\u00edvel para os sistemas Android e IOS. &nbsp;A previs\u00e3o do governo \u00e9 que entre 15 milh\u00f5es a 20 milh\u00f5es de trabalhadores informais fa\u00e7am o cadastro para receber o benef\u00edcio.<\/p>\n\n\n\n<p>Tamb\u00e9m \u00e9 poss\u00edvel ligar para a Central 111 e fazer o cadastro para pedir o benef\u00edcio.&nbsp;Ap\u00f3s essa etapa, a expectativa do ministro da Cidadania, Onyx Lorenzoni, \u00e9 que em quatro ou cinco dias \u00fateis o benef\u00edcio possa ser liberado.<\/p>\n\n\n\n<p>O aplicativo pode ser baixado gratuitamente. De acordo com o ministro, houve um acordo com empresas de telefonia para que mesmo as pessoas sem cr\u00e9dito no celular possam baixar o aplicativo.<\/p>\n\n\n\n<p>Dever\u00e3o cadastrar-se trabalhadores aut\u00f4nomos n\u00e3o inscritos no Cadastro \u00danico de Programas Sociais (Cad\u00danico) e que n\u00e3o pagam nenhuma contribui\u00e7\u00e3o para o Instituto Nacional do Seguro Social (INSS). Quem n\u00e3o sabe se est\u00e1 no Cad\u00danico pode conferir a situa\u00e7\u00e3o ao digitar o n\u00famero do Cadastro de Pessoas F\u00edsicas (CPF) no aplicativo.<\/p>\n\n\n\n<p>Quem contribui para a Previd\u00eancia como aut\u00f4nomo ou como microempreendedor individual (MEI) j\u00e1 teve o nome processado pela Caixa Econ\u00f4mica e est\u00e1 automaticamente apto a receber o benef\u00edcio emergencial.<\/p>\n\n\n\n<p><strong>Calend\u00e1rio de pagamento&nbsp;<\/strong><\/p>\n\n\n\n<p><strong>Primeira parcela<\/strong><\/p>\n\n\n\n<p>Pessoas que est\u00e3o no Cadastro \u00danico que n\u00e3o recebem Bolsa Fam\u00edlia e t\u00eam conta no Banco do Brasil ou poupan\u00e7a na Caixa Econ\u00f4mica Federal: quinta-feira (9);<\/p>\n\n\n\n<p>Pessoas que est\u00e3o no Cadastro \u00danico que n\u00e3o recebem Bolsa Fam\u00edlia e n\u00e3o t\u00eam conta neses bancos: ter\u00e7a-feira da semana que vem (14 de abril);<\/p>\n\n\n\n<p>Trabalhadores informais que n\u00e3o est\u00e3o no Cadastro \u00danico: em 5 cinco dias \u00fateis ap\u00f3s inscri\u00e7\u00e3o no programa de aux\u00edlio emergencial (veja como se inscrever abaixo);<\/p>\n\n\n\n<p>Benefici\u00e1rios do Bolsa Fam\u00edlia: \u00faltimos 10 dias \u00fateis de abril, seguindo o calend\u00e1rio regular do programa<\/p>\n\n\n\n<p><strong>Segunda parcela<\/strong><\/p>\n\n\n\n<p>Pessoas que est\u00e3o no Cadastro \u00danico que n\u00e3o recebem Bolsa Fam\u00edlia e trabalhadores informais inscritos no programa de aux\u00edlio emergencial: entre 27 e 30 de abril<\/p>\n\n\n\n<p>Benefici\u00e1rios do Bolsa Fam\u00edlia: \u00faltimos 10 dias \u00fateis de maio, seguindo o calend\u00e1rio regular do programa.<\/p>\n\n\n\n<p><strong>Terceira parcela<\/strong><\/p>\n\n\n\n<p>Pessoas que est\u00e3o no Cadastro \u00danico que n\u00e3o recebem Bolsa Fam\u00edlia e trabalhadores informais inscritos no programa de aux\u00edlio emergencial: entre 26 e 29 de maio;<\/p>\n\n\n\n<p>Benefici\u00e1rios do Bolsa Fam\u00edlia: \u00faltimos 10 dias \u00fateis de maio, seguindo o calend\u00e1rio regular do programa.<\/p>\n\n\n\n<p>Mais PB<\/p>\n","protected":false},"excerpt":{"rendered":"<p>A Caixa Econ\u00f4mica Federal lan\u00e7ou um site e liberou aplicativo para que trabalhadores informais, aut\u00f4nomos e microempreendedores individuais solicitarem aux\u00edlio emergencial de R$ 600 que&hellip; <\/p>\n","protected":false},"author":2,"featured_media":162848,"comment_status":"closed","ping_status":"closed","sticky":false,"template":"","format":"standard","meta":{"sfsi_plus_gutenberg_text_before_share":"","sfsi_plus_gutenberg_show_text_before_share":"","sfsi_plus_gutenberg_icon_type":"","sfsi_plus_gutenberg_icon_alignemt":"","sfsi_plus_gutenburg_max_per_row":"","footnotes":""},"categories":[2],"tags":[],"class_list":["post-162847","post","type-post","status-publish","format-standard","has-post-thumbnail","hentry","category-geral"],"_links":{"self":[{"href":"https:\/\/www.caririemacao.com\/1\/wp-json\/wp\/v2\/posts\/162847","targetHints":{"allow":["GET"]}}],"collection":[{"href":"https:\/\/www.caririemacao.com\/1\/wp-json\/wp\/v2\/posts"}],"about":[{"href":"https:\/\/www.caririemacao.com\/1\/wp-json\/wp\/v2\/types\/post"}],"author":[{"embeddable":true,"href":"https:\/\/www.caririemacao.com\/1\/wp-json\/wp\/v2\/users\/2"}],"replies":[{"embeddable":true,"href":"https:\/\/www.caririemacao.com\/1\/wp-json\/wp\/v2\/comments?post=162847"}],"version-history":[{"count":1,"href":"https:\/\/www.caririemacao.com\/1\/wp-json\/wp\/v2\/posts\/162847\/revisions"}],"predecessor-version":[{"id":162849,"href":"https:\/\/www.caririemacao.com\/1\/wp-json\/wp\/v2\/posts\/162847\/revisions\/162849"}],"wp:featuredmedia":[{"embeddable":true,"href":"https:\/\/www.caririemacao.com\/1\/wp-json\/wp\/v2\/media\/162848"}],"wp:attachment":[{"href":"https:\/\/www.caririemacao.com\/1\/wp-json\/wp\/v2\/media?parent=162847"}],"wp:term":[{"taxonomy":"category","embeddable":true,"href":"https:\/\/www.caririemacao.com\/1\/wp-json\/wp\/v2\/categories?post=162847"},{"taxonomy":"post_tag","embeddable":true,"href":"https:\/\/www.caririemacao.com\/1\/wp-json\/wp\/v2\/tags?post=162847"}],"curies":[{"name":"wp","href":"https:\/\/api.w.org\/{rel}","templated":true}]}}