{"id":162861,"date":"2020-04-08T08:27:27","date_gmt":"2020-04-08T11:27:27","guid":{"rendered":"http:\/\/www.caririemacao.com\/1\/?p=162861"},"modified":"2020-04-08T08:27:29","modified_gmt":"2020-04-08T11:27:29","slug":"prefeitura-e-sala-do-empreendedor-auxiliam-monteirenses-com-cadastro-do-auxilio-emergencial","status":"publish","type":"post","link":"https:\/\/www.caririemacao.com\/1\/2020\/04\/08\/prefeitura-e-sala-do-empreendedor-auxiliam-monteirenses-com-cadastro-do-auxilio-emergencial\/","title":{"rendered":"Prefeitura e Sala do Empreendedor auxiliam monteirenses com cadastro do Auxilio Emergencial"},"content":{"rendered":"\n<p>\u00a0A Prefeitura de Monteiro, atrav\u00e9s da Sala do Empreendedor, est\u00e1 auxiliando a popula\u00e7\u00e3o na realiza\u00e7\u00e3o do cadastro para a obten\u00e7\u00e3o do Aux\u00edlio Emergencial do Governo Federal.<\/p>\n\n\n\n<p>Os atendimentos est\u00e3o sendo realizados na sede Prefeitura de Monteiro, das 07:30 at\u00e9 as 10 horas da manh\u00e3. Na oportunidade a equipe da Sala do Empreendedor realizar\u00e1 o servi\u00e7o e tamb\u00e9m estar\u00e1 tirando d\u00favidas a respeito do aux\u00edlio.<\/p>\n\n\n\n<p>Os interessados devem estar de posse dos seguintes documentos e informa\u00e7\u00f5es:<br>CPF \u2013 Data de Nascimento \u2013 Nome completo da m\u00e3e<br>CPF e Data de Nascimento de todos os que comp\u00f5em a fam\u00edlia<br>Informa\u00e7\u00f5es sobre renda \u2013 N\u00famero da conta em banco<\/p>\n\n\n\n<p>Para as pessoas que n\u00e3o possuem conta em nenhum banco, no momento pode ser feita a abertura de uma conta digital. Tamb\u00e9m \u00e9 necess\u00e1rio que o interessado esteja com seu telefone em m\u00e3os para que a confirma\u00e7\u00e3o do cadastro possa ser confirmado.<\/p>\n\n\n\n<p>\u201cEstamos prestando este servi\u00e7o, tendo em vista que neste momento muitas pessoas est\u00e3o impossibilitadas de trabalhar e podem ter a renda familiar comprometida. Mas, ao mesmo tempo que prestamos a ajuda, pedimos tamb\u00e9m cautela \u00e0 popula\u00e7\u00e3o para que n\u00e3o haja aglomera\u00e7\u00f5es para evitar casos de coronav\u00edrus no munic\u00edpio\u201d, comenta a prefeita Anna Lorena.<\/p>\n\n\n\n<p>Not\u00edcias em Destaque<\/p>\n","protected":false},"excerpt":{"rendered":"<p>\u00a0A Prefeitura de Monteiro, atrav\u00e9s da Sala do Empreendedor, est\u00e1 auxiliando a popula\u00e7\u00e3o na realiza\u00e7\u00e3o do cadastro para a obten\u00e7\u00e3o do Aux\u00edlio Emergencial do Governo&hellip; <\/p>\n","protected":false},"author":2,"featured_media":162862,"comment_status":"closed","ping_status":"closed","sticky":false,"template":"","format":"standard","meta":{"sfsi_plus_gutenberg_text_before_share":"","sfsi_plus_gutenberg_show_text_before_share":"","sfsi_plus_gutenberg_icon_type":"","sfsi_plus_gutenberg_icon_alignemt":"","sfsi_plus_gutenburg_max_per_row":"","footnotes":""},"categories":[2],"tags":[],"class_list":["post-162861","post","type-post","status-publish","format-standard","has-post-thumbnail","hentry","category-geral"],"_links":{"self":[{"href":"https:\/\/www.caririemacao.com\/1\/wp-json\/wp\/v2\/posts\/162861","targetHints":{"allow":["GET"]}}],"collection":[{"href":"https:\/\/www.caririemacao.com\/1\/wp-json\/wp\/v2\/posts"}],"about":[{"href":"https:\/\/www.caririemacao.com\/1\/wp-json\/wp\/v2\/types\/post"}],"author":[{"embeddable":true,"href":"https:\/\/www.caririemacao.com\/1\/wp-json\/wp\/v2\/users\/2"}],"replies":[{"embeddable":true,"href":"https:\/\/www.caririemacao.com\/1\/wp-json\/wp\/v2\/comments?post=162861"}],"version-history":[{"count":1,"href":"https:\/\/www.caririemacao.com\/1\/wp-json\/wp\/v2\/posts\/162861\/revisions"}],"predecessor-version":[{"id":162863,"href":"https:\/\/www.caririemacao.com\/1\/wp-json\/wp\/v2\/posts\/162861\/revisions\/162863"}],"wp:featuredmedia":[{"embeddable":true,"href":"https:\/\/www.caririemacao.com\/1\/wp-json\/wp\/v2\/media\/162862"}],"wp:attachment":[{"href":"https:\/\/www.caririemacao.com\/1\/wp-json\/wp\/v2\/media?parent=162861"}],"wp:term":[{"taxonomy":"category","embeddable":true,"href":"https:\/\/www.caririemacao.com\/1\/wp-json\/wp\/v2\/categories?post=162861"},{"taxonomy":"post_tag","embeddable":true,"href":"https:\/\/www.caririemacao.com\/1\/wp-json\/wp\/v2\/tags?post=162861"}],"curies":[{"name":"wp","href":"https:\/\/api.w.org\/{rel}","templated":true}]}}