{"id":162868,"date":"2020-04-08T08:30:21","date_gmt":"2020-04-08T11:30:21","guid":{"rendered":"http:\/\/www.caririemacao.com\/1\/?p=162868"},"modified":"2020-04-08T08:30:23","modified_gmt":"2020-04-08T11:30:23","slug":"29-acudes-monitorados-pela-aesa-sangram-e-boqueirao-esta-com-6372-da-capacidade","status":"publish","type":"post","link":"https:\/\/www.caririemacao.com\/1\/2020\/04\/08\/29-acudes-monitorados-pela-aesa-sangram-e-boqueirao-esta-com-6372-da-capacidade\/","title":{"rendered":"29 a\u00e7udes monitorados pela Aesa sangram e Boqueir\u00e3o est\u00e1 com 63,72% da capacidade"},"content":{"rendered":"\n<p>Vinte e nove a\u00e7udes monitorados pela Ag\u00eancia Executiva de Gest\u00e3o das \u00c1guas do Estado (Aesa) est\u00e3o sangrando. O destaque \u00e9 para o S\u00e3o Gon\u00e7alo, em Sousa, que comporta 40 milh\u00f5es de metros c\u00fabicos, a maior entre os reservat\u00f3rios que est\u00e3o com capacidade m\u00e1xima. A lista completa, com situa\u00e7\u00e3o atual dos 134 a\u00e7udes monitorados pelo Governo do Estado est\u00e1 dispon\u00edvel no site aesa.pb.gov.br.<\/p>\n\n\n\n<p>At\u00e9 a manh\u00e3 desta ter\u00e7a-feira (7) a barragem de Coremas, localizada no munic\u00edpio de mesmo nome, estava com 38,38% da capacidade, o equivalente a 285.572.996 m\u00b3. M\u00e3e d\u2019\u00c1gua, que tamb\u00e9m fica na cidade de Coremas, estava com 38,12% (207.739.952 m\u00b3). O a\u00e7ude Epit\u00e1cio Pessoa, localizado em Boqueir\u00e3o, acumulava 63,72% (297.264.887 m\u00b3). Em Cajazeiras, o a\u00e7ude Engenheiro Avidos estava com 44,01% (129.210.444 m\u00b3) e o reservat\u00f3rio de Acau\u00e3, em Itatuba, tinha 12,84% (32.477.177 m\u00b3). Estes s\u00e3o os cinco maiores a\u00e7udes da Para\u00edba.<\/p>\n\n\n\n<p>As chuvas proporcionaram recargas importantes dos a\u00e7udes. A rede de pluvi\u00f4metros do Governo do Estado revelou que Cajazeiras \u00e9 a cidade onde mais choveu este ano, com 1.237, 9 mil\u00edmetros. Na sequ\u00eancia v\u00eam os munic\u00edpios de Nova Olinda (1.074 mm), S\u00e3o Jos\u00e9 de Piranhas (967,3 mm), Cachoeira dos \u00cdndios (948,5 mm) e Boa Ventura (929 mm). Os dados s\u00e3o referentes ao per\u00edodo de 1 de janeiro a 7 de abril.<br><\/p>\n","protected":false},"excerpt":{"rendered":"<p>Vinte e nove a\u00e7udes monitorados pela Ag\u00eancia Executiva de Gest\u00e3o das \u00c1guas do Estado (Aesa) est\u00e3o sangrando. O destaque \u00e9 para o S\u00e3o Gon\u00e7alo, em&hellip; <\/p>\n","protected":false},"author":2,"featured_media":162869,"comment_status":"closed","ping_status":"closed","sticky":false,"template":"","format":"standard","meta":{"sfsi_plus_gutenberg_text_before_share":"","sfsi_plus_gutenberg_show_text_before_share":"","sfsi_plus_gutenberg_icon_type":"","sfsi_plus_gutenberg_icon_alignemt":"","sfsi_plus_gutenburg_max_per_row":"","footnotes":""},"categories":[50,2],"tags":[],"class_list":["post-162868","post","type-post","status-publish","format-standard","has-post-thumbnail","hentry","category-destaque","category-geral"],"_links":{"self":[{"href":"https:\/\/www.caririemacao.com\/1\/wp-json\/wp\/v2\/posts\/162868","targetHints":{"allow":["GET"]}}],"collection":[{"href":"https:\/\/www.caririemacao.com\/1\/wp-json\/wp\/v2\/posts"}],"about":[{"href":"https:\/\/www.caririemacao.com\/1\/wp-json\/wp\/v2\/types\/post"}],"author":[{"embeddable":true,"href":"https:\/\/www.caririemacao.com\/1\/wp-json\/wp\/v2\/users\/2"}],"replies":[{"embeddable":true,"href":"https:\/\/www.caririemacao.com\/1\/wp-json\/wp\/v2\/comments?post=162868"}],"version-history":[{"count":1,"href":"https:\/\/www.caririemacao.com\/1\/wp-json\/wp\/v2\/posts\/162868\/revisions"}],"predecessor-version":[{"id":162870,"href":"https:\/\/www.caririemacao.com\/1\/wp-json\/wp\/v2\/posts\/162868\/revisions\/162870"}],"wp:featuredmedia":[{"embeddable":true,"href":"https:\/\/www.caririemacao.com\/1\/wp-json\/wp\/v2\/media\/162869"}],"wp:attachment":[{"href":"https:\/\/www.caririemacao.com\/1\/wp-json\/wp\/v2\/media?parent=162868"}],"wp:term":[{"taxonomy":"category","embeddable":true,"href":"https:\/\/www.caririemacao.com\/1\/wp-json\/wp\/v2\/categories?post=162868"},{"taxonomy":"post_tag","embeddable":true,"href":"https:\/\/www.caririemacao.com\/1\/wp-json\/wp\/v2\/tags?post=162868"}],"curies":[{"name":"wp","href":"https:\/\/api.w.org\/{rel}","templated":true}]}}