{"id":162872,"date":"2020-04-08T08:31:56","date_gmt":"2020-04-08T11:31:56","guid":{"rendered":"http:\/\/www.caririemacao.com\/1\/?p=162872"},"modified":"2020-04-08T08:31:58","modified_gmt":"2020-04-08T11:31:58","slug":"adriano-wolff-conduz-seu-grupo-para-o-dem-mostra-forca-politica-e-encaminha-projeto-de-reeleicao","status":"publish","type":"post","link":"https:\/\/www.caririemacao.com\/1\/2020\/04\/08\/adriano-wolff-conduz-seu-grupo-para-o-dem-mostra-forca-politica-e-encaminha-projeto-de-reeleicao\/","title":{"rendered":"Adriano Wolff conduz seu grupo para o DEM, mostra for\u00e7a pol\u00edtica e encaminha projeto de reelei\u00e7\u00e3o"},"content":{"rendered":"\n<p>O prefeito Adriano Wolff, de S\u00e3o Sebasti\u00e3o do Umbuzeiro, mostrou for\u00e7a e conduziu todo seu grupo pol\u00edtico para o partido Democratas, fortalecendo sua pr\u00e9-candidatura \u00e0 reelei\u00e7\u00e3o no munic\u00edpio.<br>Os vereadores C\u00edcero Lira, Celhinha de Edmilson, Z\u00e9 de Dita e Rico, deixaram seus partidos e ingressaram no DEM. Tamb\u00e9m se filiaram ao partido o ex-vereador Toinho de Dete, entre outras lideran\u00e7as pol\u00edticas do munic\u00edpio ligadas a oposi\u00e7\u00e3o que deixaram seus partidos e decidiram caminhar junto no DEM do prefeito Adriano.<br>Com isso, o prefeito conseguiu formar o maior partido pol\u00edtico na hist\u00f3ria do munic\u00edpio, que j\u00e1 contava com os vereadores Denis Freitas, Ja\u00edlson e Bernardes, al\u00e9m do atual vice-prefeito Chico Mariano, os ex-prefeitos Chico Neves e Adalcindo, entre outras lideran\u00e7as. O partido agora conta com sete vereadores na C\u00e2mara.<br>Adriano Wolff destacou que o di\u00e1logo e uni\u00e3o foram fatores determinantes para unir todos no DEM, que no estado \u00e9 conduzido pelo deputado federal Efraim Filho e pelo ex-senador Efraim Morais, que possuem fortes liga\u00e7\u00f5es com o munic\u00edpio, al\u00e9m de terem diversos a\u00e7\u00f5es e servi\u00e7os prestados em S\u00e3o Sebasti\u00e3o do Umbuzeiro.<br>\u201cUma marca de nosso grupo \u00e9 a uni\u00e3o e o di\u00e1logo, e atrav\u00e9s disso unimos todos nossos vereadores, lideran\u00e7as e as v\u00e1rias ades\u00f5es que recebemos no DEM. Nossa gest\u00e3o \u00e9 reconhecida pela popula\u00e7\u00e3o e temos a\u00e7\u00f5es no prestadas em todo o munic\u00edpio, e por isso, n\u00e3o temos d\u00favidas que iremos obter \u00eaxito nas elei\u00e7\u00f5es de outubro e elegeremos a maior bancada de vereadores\u201d, afirmou o prefeito.<\/p>\n\n\n\n<p>Blog do F\u00e1bio Brito<\/p>\n","protected":false},"excerpt":{"rendered":"<p>O prefeito Adriano Wolff, de S\u00e3o Sebasti\u00e3o do Umbuzeiro, mostrou for\u00e7a e conduziu todo seu grupo pol\u00edtico para o partido Democratas, fortalecendo sua pr\u00e9-candidatura \u00e0&hellip; <\/p>\n","protected":false},"author":2,"featured_media":162873,"comment_status":"closed","ping_status":"closed","sticky":false,"template":"","format":"standard","meta":{"sfsi_plus_gutenberg_text_before_share":"","sfsi_plus_gutenberg_show_text_before_share":"","sfsi_plus_gutenberg_icon_type":"","sfsi_plus_gutenberg_icon_alignemt":"","sfsi_plus_gutenburg_max_per_row":"","footnotes":""},"categories":[2],"tags":[],"class_list":["post-162872","post","type-post","status-publish","format-standard","has-post-thumbnail","hentry","category-geral"],"_links":{"self":[{"href":"https:\/\/www.caririemacao.com\/1\/wp-json\/wp\/v2\/posts\/162872","targetHints":{"allow":["GET"]}}],"collection":[{"href":"https:\/\/www.caririemacao.com\/1\/wp-json\/wp\/v2\/posts"}],"about":[{"href":"https:\/\/www.caririemacao.com\/1\/wp-json\/wp\/v2\/types\/post"}],"author":[{"embeddable":true,"href":"https:\/\/www.caririemacao.com\/1\/wp-json\/wp\/v2\/users\/2"}],"replies":[{"embeddable":true,"href":"https:\/\/www.caririemacao.com\/1\/wp-json\/wp\/v2\/comments?post=162872"}],"version-history":[{"count":1,"href":"https:\/\/www.caririemacao.com\/1\/wp-json\/wp\/v2\/posts\/162872\/revisions"}],"predecessor-version":[{"id":162874,"href":"https:\/\/www.caririemacao.com\/1\/wp-json\/wp\/v2\/posts\/162872\/revisions\/162874"}],"wp:featuredmedia":[{"embeddable":true,"href":"https:\/\/www.caririemacao.com\/1\/wp-json\/wp\/v2\/media\/162873"}],"wp:attachment":[{"href":"https:\/\/www.caririemacao.com\/1\/wp-json\/wp\/v2\/media?parent=162872"}],"wp:term":[{"taxonomy":"category","embeddable":true,"href":"https:\/\/www.caririemacao.com\/1\/wp-json\/wp\/v2\/categories?post=162872"},{"taxonomy":"post_tag","embeddable":true,"href":"https:\/\/www.caririemacao.com\/1\/wp-json\/wp\/v2\/tags?post=162872"}],"curies":[{"name":"wp","href":"https:\/\/api.w.org\/{rel}","templated":true}]}}