{"id":162878,"date":"2020-04-08T10:25:45","date_gmt":"2020-04-08T13:25:45","guid":{"rendered":"http:\/\/www.caririemacao.com\/1\/?p=162878"},"modified":"2020-04-08T10:25:46","modified_gmt":"2020-04-08T13:25:46","slug":"caraubas-secretario-da-saude-orienta-populacao-sobre-prevencao-contra-a-covid-19","status":"publish","type":"post","link":"https:\/\/www.caririemacao.com\/1\/2020\/04\/08\/caraubas-secretario-da-saude-orienta-populacao-sobre-prevencao-contra-a-covid-19\/","title":{"rendered":"Cara\u00fabas: Secret\u00e1rio da sa\u00fade orienta popula\u00e7\u00e3o, sobre preven\u00e7\u00e3o contra a Covid-19"},"content":{"rendered":"\n<p>O secret\u00e1rio da sa\u00fade do munic\u00edpio de Cara\u00fabas, enfermeiro Leonardo Eneas Almeida, divulgou na manh\u00e3 desta segunda-feira, dia 6\/4, as principais medidas que est\u00e3o sendo adotadas pela secretaria da sa\u00fade para combater e prevenir a prolifera\u00e7\u00e3o do COVID-19, em \u00e2mbito municipal. <\/p>\n\n\n\n<p>Nossa primeira preocupa\u00e7\u00e3o \u00e9 em salvar vidas. Por isso, em v\u00e1rias reuni\u00f5es que j\u00e1 mantivemos com o prefeito, secret\u00e1rios, profissionais e t\u00e9cnicos da secretaria \u00e9 no sentido de fortalecer com o m\u00e1ximo de informa\u00e7\u00f5es poss\u00edveis a popula\u00e7\u00e3o sobre o perigo do coronavirus, disse ele.<\/p>\n\n\n\n<p>A equipe de Vigil\u00e2ncia em Sa\u00fade e Epidemiol\u00f3gica esta atenta a todas as situa\u00e7\u00f5es, procurando orientar as pessoas na medida em que s\u00e3o deslocadas para outras localidades do munic\u00edpio, seja em \u00e1rea urbana ou rural. Precisamos que a popula\u00e7\u00e3o entenda que o isolamento social neste momento \u00e9 o mais importante a ser feito para evitar o avan\u00e7o da doen\u00e7a, afirmou Leonardo Eneas.Com a emiss\u00e3o desse novo decreto precisamos que al\u00e9m da popula\u00e7\u00e3o local, o comercio e os servi\u00e7os n\u00e3o essenciais possam limitar os acessos p\u00fablicos. Essas medidas s\u00e3o emergenciais e tempor\u00e1rias, concluiu o secret\u00e1rio.<\/p>\n\n\n\n<p>Cara\u00fabas apesar de n\u00e3o ter nenhum caso suspeito, nem t\u00e3o pouco registrado se faz necess\u00e1rio manter a preven\u00e7\u00e3o como forma de conter o avan\u00e7o do v\u00edrus. Solicito as pessoas de mais idade que permane\u00e7am em seus lares e atendam o apelo das autoridades para que possamos continuar tendo essa paz de n\u00e3o notificar casos de coronavirus. <\/p>\n\n\n\n<p>Estaremos distribuindo ao longo da pr\u00f3xima semana folders informativos a popula\u00e7\u00e3o orientando sobre os principais pontos a serem cumpridos nessa meta da preven\u00e7\u00e3o, como usar o \u00e1lcool em gel a 70\u00ba, lavar bem as m\u00e3os sempre que puder, usar mascaras, luvas e cuidar bem das pessoas que est\u00e3o no grupo de risco como os pacientes de doen\u00e7as cr\u00f4nicas, fumantes, asm\u00e1ticos, diab\u00e9ticos, hipertensos e idosos.<\/p>\n\n\n\n<p>As equipes de profissionais da sa\u00fade do munic\u00edpio est\u00e3o a disposi\u00e7\u00e3o da sociedade, mas se todos cumprirem com essas determina\u00e7\u00f5es sairemos todos vitoriosos desta luta contra um mal invis\u00edvel e letal, conclamou Leonardo En\u00e9as.\u00a0<\/p>\n\n\n\n<p><strong>SEPLACOM<\/strong><\/p>\n","protected":false},"excerpt":{"rendered":"<p>O secret\u00e1rio da sa\u00fade do munic\u00edpio de Cara\u00fabas, enfermeiro Leonardo Eneas Almeida, divulgou na manh\u00e3 desta segunda-feira, dia 6\/4, as principais medidas que est\u00e3o sendo&hellip; <\/p>\n","protected":false},"author":1,"featured_media":162879,"comment_status":"closed","ping_status":"closed","sticky":false,"template":"","format":"standard","meta":{"sfsi_plus_gutenberg_text_before_share":"","sfsi_plus_gutenberg_show_text_before_share":"","sfsi_plus_gutenberg_icon_type":"","sfsi_plus_gutenberg_icon_alignemt":"","sfsi_plus_gutenburg_max_per_row":"","footnotes":""},"categories":[6,50],"tags":[],"class_list":["post-162878","post","type-post","status-publish","format-standard","has-post-thumbnail","hentry","category-cidades","category-destaque"],"_links":{"self":[{"href":"https:\/\/www.caririemacao.com\/1\/wp-json\/wp\/v2\/posts\/162878","targetHints":{"allow":["GET"]}}],"collection":[{"href":"https:\/\/www.caririemacao.com\/1\/wp-json\/wp\/v2\/posts"}],"about":[{"href":"https:\/\/www.caririemacao.com\/1\/wp-json\/wp\/v2\/types\/post"}],"author":[{"embeddable":true,"href":"https:\/\/www.caririemacao.com\/1\/wp-json\/wp\/v2\/users\/1"}],"replies":[{"embeddable":true,"href":"https:\/\/www.caririemacao.com\/1\/wp-json\/wp\/v2\/comments?post=162878"}],"version-history":[{"count":1,"href":"https:\/\/www.caririemacao.com\/1\/wp-json\/wp\/v2\/posts\/162878\/revisions"}],"predecessor-version":[{"id":162880,"href":"https:\/\/www.caririemacao.com\/1\/wp-json\/wp\/v2\/posts\/162878\/revisions\/162880"}],"wp:featuredmedia":[{"embeddable":true,"href":"https:\/\/www.caririemacao.com\/1\/wp-json\/wp\/v2\/media\/162879"}],"wp:attachment":[{"href":"https:\/\/www.caririemacao.com\/1\/wp-json\/wp\/v2\/media?parent=162878"}],"wp:term":[{"taxonomy":"category","embeddable":true,"href":"https:\/\/www.caririemacao.com\/1\/wp-json\/wp\/v2\/categories?post=162878"},{"taxonomy":"post_tag","embeddable":true,"href":"https:\/\/www.caririemacao.com\/1\/wp-json\/wp\/v2\/tags?post=162878"}],"curies":[{"name":"wp","href":"https:\/\/api.w.org\/{rel}","templated":true}]}}