{"id":162881,"date":"2020-04-08T11:07:33","date_gmt":"2020-04-08T14:07:33","guid":{"rendered":"http:\/\/www.caririemacao.com\/1\/?p=162881"},"modified":"2020-04-08T11:07:34","modified_gmt":"2020-04-08T14:07:34","slug":"caraubas-prefeito-silvano-dudu-cancela-comemoracoes-de-aniversario-de-23-anos-da-cidade","status":"publish","type":"post","link":"https:\/\/www.caririemacao.com\/1\/2020\/04\/08\/caraubas-prefeito-silvano-dudu-cancela-comemoracoes-de-aniversario-de-23-anos-da-cidade\/","title":{"rendered":"Cara\u00fabas: Prefeito Silvano Dudu cancela comemora\u00e7\u00f5es de anivers\u00e1rio de 23 anos da cidade"},"content":{"rendered":"\n<p>O prefeito Silvano Dudu do munic\u00edpio de Cara\u00fabas fazendo cumprir as determina\u00e7\u00f5es da OMS, do Minist\u00e9rio da Sa\u00fade, do Minist\u00e9rio P\u00fablico Estadual -MPE, das autoridades em sa\u00fade p\u00fablica do Estado e do Munic\u00edpio, bem como, de v\u00e1rios setores da administra\u00e7\u00e3o p\u00fablica resolveu cancelar toda programa\u00e7\u00e3o das comemora\u00e7\u00f5es dos 23 anos da Emancipa\u00e7\u00e3o Pol\u00edtica do munic\u00edpio.\u00c9 a primeira vez na hist\u00f3ria recente do nosso munic\u00edpio que ficaremos impedidos de realizar essa programa\u00e7\u00e3o em virtude de resguardar o bem maior de nosso povo que \u00e9 a vida e a sua sa\u00fade, disse o prefeito. <\/p>\n\n\n\n<p>&#8216;Estamos vivendo um momento triste e preocupante da nossa hist\u00f3ria humana com a instala\u00e7\u00e3o dessa pandemia que afeta todo o planeta. Precisamos ter coragem de enfrentar mais este desafio e \u00e9 o que estamos fazendo neste momento, afirmou ele. Tinhamos programado inaugura\u00e7\u00f5es de obras, cavalgada, torneios de futebol de campo, shows, enfim, mas resolvemos cancelar essas comemora\u00e7\u00f5es para evitar aglomera\u00e7\u00e3o de pessoas e de contagio do v\u00edrus&#8221;, concluiu. Ainda n\u00e3o temos nenhum caso suspeito ou registrado no munic\u00edpio, mas temos que fazer nossa parte tomando as medidas administrativas necess\u00e1rias que cabem ao governo municipal e espero que a popula\u00e7\u00e3o entenda e colabore com\u00a0 essas determina\u00e7\u00f5es para que possamos sair desse processo com o menor grau de dificuldade poss\u00edvel, sem registros maiores de \u00f3bitos e de pessoas sequeladas.<\/p>\n\n\n\n<p>Os profissionais da sa\u00fade est\u00e3o fazendo sua parte nas orienta\u00e7\u00f5es a popula\u00e7\u00e3o, nos atendimentos, enfim, estamos disponibilizando os equipamentos de prote\u00e7\u00e3o individual necess\u00e1rios, \u00e1lcool em gel, luvas, mascaras e tudo o que for necess\u00e1rio para o desenvolvimento das suas atividades. Os 23 anos da Emancipa\u00e7\u00e3o Pol\u00edtica ser\u00e3o comemorados de forma diferente este ano, com cada cidad\u00e3o caraubense se mantendo em casa, na sua quarentena, cuidando daqueles que mais precisam e se protegendo desse mal mundial.<\/p>\n\n\n\n<p>Em tempo oportuno anunciaremos a entrega das obras dos portais de acesso a cidade, da quadra de esportes do campo de futebol que j\u00e1 est\u00e3o sendo conclu\u00eddas semana que vem, finalizou o prefeito Silvano Dudu.<\/p>\n","protected":false},"excerpt":{"rendered":"<p>O prefeito Silvano Dudu do munic\u00edpio de Cara\u00fabas fazendo cumprir as determina\u00e7\u00f5es da OMS, do Minist\u00e9rio da Sa\u00fade, do Minist\u00e9rio P\u00fablico Estadual -MPE, das autoridades&hellip; <\/p>\n","protected":false},"author":1,"featured_media":17216,"comment_status":"closed","ping_status":"closed","sticky":false,"template":"","format":"standard","meta":{"sfsi_plus_gutenberg_text_before_share":"","sfsi_plus_gutenberg_show_text_before_share":"","sfsi_plus_gutenberg_icon_type":"","sfsi_plus_gutenberg_icon_alignemt":"","sfsi_plus_gutenburg_max_per_row":"","footnotes":""},"categories":[6,50],"tags":[],"class_list":["post-162881","post","type-post","status-publish","format-standard","has-post-thumbnail","hentry","category-cidades","category-destaque"],"_links":{"self":[{"href":"https:\/\/www.caririemacao.com\/1\/wp-json\/wp\/v2\/posts\/162881","targetHints":{"allow":["GET"]}}],"collection":[{"href":"https:\/\/www.caririemacao.com\/1\/wp-json\/wp\/v2\/posts"}],"about":[{"href":"https:\/\/www.caririemacao.com\/1\/wp-json\/wp\/v2\/types\/post"}],"author":[{"embeddable":true,"href":"https:\/\/www.caririemacao.com\/1\/wp-json\/wp\/v2\/users\/1"}],"replies":[{"embeddable":true,"href":"https:\/\/www.caririemacao.com\/1\/wp-json\/wp\/v2\/comments?post=162881"}],"version-history":[{"count":1,"href":"https:\/\/www.caririemacao.com\/1\/wp-json\/wp\/v2\/posts\/162881\/revisions"}],"predecessor-version":[{"id":162907,"href":"https:\/\/www.caririemacao.com\/1\/wp-json\/wp\/v2\/posts\/162881\/revisions\/162907"}],"wp:featuredmedia":[{"embeddable":true,"href":"https:\/\/www.caririemacao.com\/1\/wp-json\/wp\/v2\/media\/17216"}],"wp:attachment":[{"href":"https:\/\/www.caririemacao.com\/1\/wp-json\/wp\/v2\/media?parent=162881"}],"wp:term":[{"taxonomy":"category","embeddable":true,"href":"https:\/\/www.caririemacao.com\/1\/wp-json\/wp\/v2\/categories?post=162881"},{"taxonomy":"post_tag","embeddable":true,"href":"https:\/\/www.caririemacao.com\/1\/wp-json\/wp\/v2\/tags?post=162881"}],"curies":[{"name":"wp","href":"https:\/\/api.w.org\/{rel}","templated":true}]}}