{"id":162883,"date":"2020-04-08T10:49:53","date_gmt":"2020-04-08T13:49:53","guid":{"rendered":"http:\/\/www.caririemacao.com\/1\/?p=162883"},"modified":"2020-04-08T10:49:55","modified_gmt":"2020-04-08T13:49:55","slug":"prefeitura-da-prata-realiza-acao-de-higienizacao-em-locais-publicos","status":"publish","type":"post","link":"https:\/\/www.caririemacao.com\/1\/2020\/04\/08\/prefeitura-da-prata-realiza-acao-de-higienizacao-em-locais-publicos\/","title":{"rendered":"Prefeitura da Prata realiza a\u00e7\u00e3o de higieniza\u00e7\u00e3o em locais p\u00fablicos"},"content":{"rendered":"\n<p>Tendo o objetivo de dar sequencia \u00e0s medidas de preven\u00e7\u00e3o da COVID-19, a Prefeitura Municipal de Prata, atrav\u00e9s de uma a\u00e7\u00e3o da vigil\u00e2ncia epidemiol\u00f3gica\u00a0\u00a0deu in\u00edcio nesta ter\u00e7a feira(07),\u00a0\u00a0\u00e0 a\u00e7\u00e3o de higieniza\u00e7\u00e3o e desinfec\u00e7\u00e3o nas ruas do munic\u00edpio.<\/p>\n\n\n\n<p><br>Foi dada prioridade no primeiro dia, \u00e0 desinfec\u00e7\u00e3o dos locais com maior circula\u00e7\u00e3o de pessoas.<\/p>\n\n\n\n<p><br>Os profissionais est\u00e3o realizando a higieniza\u00e7\u00e3o de espa\u00e7os como cal\u00e7adas, proximidades e estruturas das Unidades B\u00e1sicas de Sa\u00fade, al\u00e9m dos arredores de bancos, mercados, posto de combust\u00edveis, pra\u00e7a de recrea\u00e7\u00e3o, al\u00e9m de todos os estabelecimento mesmo, os de pequenos portes, e outros.<\/p>\n\n\n\n<p><br>O gestor destacou a import\u00e2ncia da a\u00e7\u00e3o e afirmou que realizar\u00e1 todas as a\u00e7\u00f5es que estiverem ao alcance para garantir a prote\u00e7\u00e3o da popula\u00e7\u00e3o.<\/p>\n\n\n\n<p><br>\u201cVale salientar que nada disso ter\u00e1 import\u00e2ncia se cada um n\u00e3o fizer sua parte. \u00c9 tempo de ficar em casa, de cuidar de si e assim proteger a todos&#8221; refor\u00e7ou o prefeito pratense.<\/p>\n\n\n\n<p><br><strong>F\u00c1BIO BRITOFOTO: PORTALCARIRIPB<\/strong><\/p>\n","protected":false},"excerpt":{"rendered":"<p>Tendo o objetivo de dar sequencia \u00e0s medidas de preven\u00e7\u00e3o da COVID-19, a Prefeitura Municipal de Prata, atrav\u00e9s de uma a\u00e7\u00e3o da vigil\u00e2ncia epidemiol\u00f3gica\u00a0\u00a0deu in\u00edcio&hellip; <\/p>\n","protected":false},"author":2,"featured_media":162884,"comment_status":"closed","ping_status":"closed","sticky":false,"template":"","format":"standard","meta":{"sfsi_plus_gutenberg_text_before_share":"","sfsi_plus_gutenberg_show_text_before_share":"","sfsi_plus_gutenberg_icon_type":"","sfsi_plus_gutenberg_icon_alignemt":"","sfsi_plus_gutenburg_max_per_row":"","footnotes":""},"categories":[6],"tags":[],"class_list":["post-162883","post","type-post","status-publish","format-standard","has-post-thumbnail","hentry","category-cidades"],"_links":{"self":[{"href":"https:\/\/www.caririemacao.com\/1\/wp-json\/wp\/v2\/posts\/162883","targetHints":{"allow":["GET"]}}],"collection":[{"href":"https:\/\/www.caririemacao.com\/1\/wp-json\/wp\/v2\/posts"}],"about":[{"href":"https:\/\/www.caririemacao.com\/1\/wp-json\/wp\/v2\/types\/post"}],"author":[{"embeddable":true,"href":"https:\/\/www.caririemacao.com\/1\/wp-json\/wp\/v2\/users\/2"}],"replies":[{"embeddable":true,"href":"https:\/\/www.caririemacao.com\/1\/wp-json\/wp\/v2\/comments?post=162883"}],"version-history":[{"count":1,"href":"https:\/\/www.caririemacao.com\/1\/wp-json\/wp\/v2\/posts\/162883\/revisions"}],"predecessor-version":[{"id":162885,"href":"https:\/\/www.caririemacao.com\/1\/wp-json\/wp\/v2\/posts\/162883\/revisions\/162885"}],"wp:featuredmedia":[{"embeddable":true,"href":"https:\/\/www.caririemacao.com\/1\/wp-json\/wp\/v2\/media\/162884"}],"wp:attachment":[{"href":"https:\/\/www.caririemacao.com\/1\/wp-json\/wp\/v2\/media?parent=162883"}],"wp:term":[{"taxonomy":"category","embeddable":true,"href":"https:\/\/www.caririemacao.com\/1\/wp-json\/wp\/v2\/categories?post=162883"},{"taxonomy":"post_tag","embeddable":true,"href":"https:\/\/www.caririemacao.com\/1\/wp-json\/wp\/v2\/tags?post=162883"}],"curies":[{"name":"wp","href":"https:\/\/api.w.org\/{rel}","templated":true}]}}