{"id":162909,"date":"2020-04-08T11:15:34","date_gmt":"2020-04-08T14:15:34","guid":{"rendered":"http:\/\/www.caririemacao.com\/1\/?p=162909"},"modified":"2020-04-08T11:15:36","modified_gmt":"2020-04-08T14:15:36","slug":"policial-militar-e-afastado-apos-gravar-video-defendendo-o-fim-do-isolamento-social-na-paraiba","status":"publish","type":"post","link":"https:\/\/www.caririemacao.com\/1\/2020\/04\/08\/policial-militar-e-afastado-apos-gravar-video-defendendo-o-fim-do-isolamento-social-na-paraiba\/","title":{"rendered":"Policial Militar \u00e9 afastado ap\u00f3s gravar v\u00eddeo defendendo o fim do isolamento social na Para\u00edba"},"content":{"rendered":"\n<p>Um policial militar foi afastado ap\u00f3s gravar um&nbsp;v\u00eddeo defendendo o fim do isolamento social, em Guarabira, na Para\u00edba. A Pol\u00edcia Militar informou que&nbsp;vai abrir um procedimento administrativo disciplinar para investigar o caso.<\/p>\n\n\n\n<p>O v\u00eddeo que circula nas redes sociais,&nbsp;mostra o policial fardado dentro de um carro com outros colegas.&nbsp;Nele, o policial se manifesta contra as medidas de isolamento recomendadas pelo Organiza\u00e7\u00e3o Mundial da Sa\u00fade, Minist\u00e9rio da Sa\u00fade e Governo do Estado.<\/p>\n\n\n\n<p>O policial no v\u00eddeo, incentiva as&nbsp;&nbsp;pessoas a romperem com o isolamento social, pede para que a popula\u00e7\u00e3o volte a trabalhar e diz que o munic\u00edpio n\u00e3o tem casos do Coronav\u00edrus.<\/p>\n\n\n\n<p>\u201cO que a gente tem que fazer \u00e9 voltar a trabalhar a proteger as pessoas idosas e as pessoas com problemas respirat\u00f3rios. Vamos deixar de ser vagabundos, esse negocinho de ficar em casa, de f\u00e9rias, n\u00e3o tem condi\u00e7\u00f5es. Vai acabar o pa\u00eds quebrando e a gente passando fome\u201d, diz o policial no v\u00eddeo.<\/p>\n\n\n\n<p>A PM informou que segue e mant\u00e9m as recomenda\u00e7\u00f5es distanciamento e preven\u00e7\u00e3o ao novo coronav\u00edrus.<\/p>\n\n\n\n<p>Em nota, o comando do 4\u00ba Batalh\u00e3o informou que o policial militar&nbsp; foi afastado.<\/p>\n\n\n\n<p>\u201cUm procedimento administrativo disciplinar ser\u00e1 instaurado para apurar toda a extens\u00e3o da reprov\u00e1vel atitude do policial, lembrando que a orienta\u00e7\u00e3o da Pol\u00edcia Militar da Para\u00edba \u00e9 a mesma da Organiza\u00e7\u00e3o Mundial da Sa\u00fade, Minist\u00e9rio da Sa\u00fade e Governo do Estado, de que fique em casa para prevenir a prolifera\u00e7\u00e3o dessa doen\u00e7a que tem causado danos irrepar\u00e1veis \u00e0 sa\u00fade de pessoas no Brasil e no Mundo\u201d, diz a nota.<\/p>\n\n\n\n<p>A secret\u00e1ria de sa\u00fade de Guarabira, Fernanda Macedo, informou que o isolamento social em Guarabira continua.<\/p>\n\n\n\n<p>Edivane Saraiva, promotora da Sa\u00fade em Guarabira, disse que a fala do policial foi de grande irresponsabilidade e que o caso ser\u00e1 apurado pela \u00e1rea administrativa como tamb\u00e9m as normas legais.<\/p>\n\n\n\n<p>Veja o v\u00eddeo:<\/p>\n\n\n\n<figure><iframe data-src=\"https:\/\/www.youtube.com\/embed\/ExCJfnxSqLU?version=3&amp;rel=1&amp;fs=1&amp;autohide=2&amp;showsearch=0&amp;showinfo=1&amp;iv_load_policy=1&amp;wmode=transparent\" allowfullscreen=\"true\" src=\"data:image\/svg+xml;base64,PHN2ZyB3aWR0aD0iMSIgaGVpZ2h0PSIxIiB4bWxucz0iaHR0cDovL3d3dy53My5vcmcvMjAwMC9zdmciPjwvc3ZnPg==\" class=\"lazyload\" data-load-mode=\"1\"><\/iframe><\/figure>\n\n\n\n<p>ClickPB<br><\/p>\n","protected":false},"excerpt":{"rendered":"<p>Um policial militar foi afastado ap\u00f3s gravar um&nbsp;v\u00eddeo defendendo o fim do isolamento social, em Guarabira, na Para\u00edba. A Pol\u00edcia Militar informou que&nbsp;vai abrir um&hellip; <\/p>\n","protected":false},"author":2,"featured_media":162910,"comment_status":"closed","ping_status":"closed","sticky":false,"template":"","format":"standard","meta":{"sfsi_plus_gutenberg_text_before_share":"","sfsi_plus_gutenberg_show_text_before_share":"","sfsi_plus_gutenberg_icon_type":"","sfsi_plus_gutenberg_icon_alignemt":"","sfsi_plus_gutenburg_max_per_row":"","footnotes":""},"categories":[12],"tags":[],"class_list":["post-162909","post","type-post","status-publish","format-standard","has-post-thumbnail","hentry","category-policia"],"_links":{"self":[{"href":"https:\/\/www.caririemacao.com\/1\/wp-json\/wp\/v2\/posts\/162909","targetHints":{"allow":["GET"]}}],"collection":[{"href":"https:\/\/www.caririemacao.com\/1\/wp-json\/wp\/v2\/posts"}],"about":[{"href":"https:\/\/www.caririemacao.com\/1\/wp-json\/wp\/v2\/types\/post"}],"author":[{"embeddable":true,"href":"https:\/\/www.caririemacao.com\/1\/wp-json\/wp\/v2\/users\/2"}],"replies":[{"embeddable":true,"href":"https:\/\/www.caririemacao.com\/1\/wp-json\/wp\/v2\/comments?post=162909"}],"version-history":[{"count":1,"href":"https:\/\/www.caririemacao.com\/1\/wp-json\/wp\/v2\/posts\/162909\/revisions"}],"predecessor-version":[{"id":162911,"href":"https:\/\/www.caririemacao.com\/1\/wp-json\/wp\/v2\/posts\/162909\/revisions\/162911"}],"wp:featuredmedia":[{"embeddable":true,"href":"https:\/\/www.caririemacao.com\/1\/wp-json\/wp\/v2\/media\/162910"}],"wp:attachment":[{"href":"https:\/\/www.caririemacao.com\/1\/wp-json\/wp\/v2\/media?parent=162909"}],"wp:term":[{"taxonomy":"category","embeddable":true,"href":"https:\/\/www.caririemacao.com\/1\/wp-json\/wp\/v2\/categories?post=162909"},{"taxonomy":"post_tag","embeddable":true,"href":"https:\/\/www.caririemacao.com\/1\/wp-json\/wp\/v2\/tags?post=162909"}],"curies":[{"name":"wp","href":"https:\/\/api.w.org\/{rel}","templated":true}]}}