{"id":162916,"date":"2020-04-08T13:24:38","date_gmt":"2020-04-08T16:24:38","guid":{"rendered":"http:\/\/www.caririemacao.com\/1\/?p=162916"},"modified":"2020-04-08T13:24:39","modified_gmt":"2020-04-08T16:24:39","slug":"sume-prefeitura-orienta-meis-e-trabalhadores-informais-no-cadastro-do-auxilio-emergencial","status":"publish","type":"post","link":"https:\/\/www.caririemacao.com\/1\/2020\/04\/08\/sume-prefeitura-orienta-meis-e-trabalhadores-informais-no-cadastro-do-auxilio-emergencial\/","title":{"rendered":"Sum\u00e9: Prefeitura orienta MEIs e trabalhadores informais no cadastro do aux\u00edlio emergencial"},"content":{"rendered":"\n<p>A Sala do Empreendedor de Sum\u00e9 est\u00e1 auxiliando a popula\u00e7\u00e3o na realiza\u00e7\u00e3o do cadastro para o benef\u00edcio do aux\u00edlio emergencial a ser pago pelo Governo Federal. O atendimento est\u00e1 sendo feito on line ou por telefone.<\/p>\n\n\n\n<p>Para os microempreendedores individuais o contato deve ser mantido com J\u00e9ssica Vieira pelo telefone:&nbsp;<strong>99654-5323<\/strong>, ou com Bianca pelo n\u00famero&nbsp;<strong>99950-5323<\/strong>, e ainda atrav\u00e9s do e-mail: saladoempreendedordesume@gmail.com.<\/p>\n\n\n\n<p>J\u00e1 para os trabalhadores informais, os interessados devem entrar em contato com Adriana:&nbsp;<strong>99807-6899<\/strong>&nbsp;ou Tales:&nbsp;<strong>99971-3251<\/strong>&nbsp;e tamb\u00e9m pelo e-mail:&nbsp;<a href=\"mailto:saladoempreendedordesume@gmail.com\">saladoempreendedordesume@gmail.com<\/a>.<\/p>\n\n\n\n<p>Ambos os atendimentos est\u00e3o sendo feitos das 08h \u00e0s 12h.<\/p>\n\n\n\n<p>O p\u00fablico do Bolsa Fam\u00edlia n\u00e3o precisa se cadastrar, essas pessoas ir\u00e3o &nbsp;receber o aux\u00edlio automaticamente na conta, conforme o calend\u00e1rio de pagamento do programa. Para mais informa\u00e7\u00f5es, esse p\u00fablico pode entrar em contato por telefone: 99982-0952 ou e-mail: pbfsume@hotmail.com<\/p>\n\n\n\n<p><strong>Quem tem direito ao benef\u00edcio?<\/strong><\/p>\n\n\n\n<p><strong>Trabalhadores que cumpram uma das seguintes condi\u00e7\u00f5es:<\/strong><\/p>\n\n\n\n<ol class=\"wp-block-list\"><li>Ser microempreendedor individual (MEI);<\/li><li>Ser contribuinte individual ou facultativo do Regime Geral de Previd\u00eancia (RGPS);<\/li><li>Ser trabalhador informal inscrito no cadastro \u00fanico (Cad\u00danico) \u2013 quem n\u00e3o estiver cadastrado poder\u00e1 fazer uma autodeclara\u00e7\u00e3o por meio do aplicativo dispon\u00edvel no site: auxilio.caixa.gov.br;<\/li><li>Ter cumprido o requisito de renda m\u00e9dia at\u00e9 20 de mar\u00e7o de 2020;<\/li><li>Ter mais de 18 anos;<\/li><li>Fam\u00edlia com renda mensal per capita (por pessoa) de at\u00e9 meio sal\u00e1rio m\u00ednimo (R$ 522,50), ou renda familiar mensal total de at\u00e9 tr\u00eas sal\u00e1rios m\u00ednimos (R$ 3.135,00);<\/li><li>N\u00e3o ter tido rendimentos tribut\u00e1veis em 2018, acima de R$ 28.559,70.<\/li><\/ol>\n\n\n\n<p><strong>Confira o calend\u00e1rio de pagamento completo e saiba quando cada tipo de benefici\u00e1rio come\u00e7ar\u00e1 a receber:<\/strong><strong>\u2800<\/strong><\/p>\n\n\n\n<p>\u2800-&nbsp;<strong>09\/04<\/strong>&nbsp;(quinta): In\u00edcio dos pagamentos aos inscritos no Cadastro \u00danico que t\u00eam conta poupan\u00e7a na Caixa ou conta corrente no Banco do Brasil e que n\u00e3o recebem Bolsa Fam\u00edlia;\u2800<\/p>\n\n\n\n<p>\u2800-&nbsp;<strong>14\/04<\/strong>&nbsp;(ter\u00e7a): In\u00edcio dos pagamentos aos inscritos no Cadastro \u00danico que n\u00e3o recebem Bolsa Fam\u00edlia e que n\u00e3o t\u00eam conta poupan\u00e7a na Caixa ou conta corrente no Banco do Brasil;<\/p>\n\n\n\n<p>\u2013&nbsp;<strong>14\/04<\/strong>&nbsp;(ter\u00e7a): In\u00edcio dos pagamentos aos Microempreendedores Individuais (MEI), contribuintes individuais do INSS e demais trabalhadores informais que fizeram cadastro pelo aplicativo do aux\u00edlio emergencial;\u2800<\/p>\n\n\n\n<p>\u2013&nbsp;<strong>16\/04<\/strong>&nbsp;(quinta): In\u00edcio dos pagamentos aos benefici\u00e1rios do Bolsa Fam\u00edlia (final do N\u00famero de Identifica\u00e7\u00e3o Social \u2013 NIS 1);\u2800<\/p>\n\n\n\n<p>\u2013&nbsp;<strong>17\/04<\/strong>&nbsp;(sexta): In\u00edcio dos pagamentos aos benefici\u00e1rios do Bolsa Fam\u00edlia (final do N\u00famero de Identifica\u00e7\u00e3o Social \u2013 NIS 2);\u2800<\/p>\n\n\n\n<p>\u2013&nbsp;<strong>20\/04<\/strong>&nbsp;(segunda): In\u00edcio dos pagamentos aos benefici\u00e1rios do Bolsa Fam\u00edlia (final do N\u00famero de Identifica\u00e7\u00e3o Social \u2013 NIS 3);\u2800<\/p>\n\n\n\n<p>\u2013&nbsp;<strong>22\/04<\/strong>&nbsp;(quarta): In\u00edcio dos pagamentos aos benefici\u00e1rios do Bolsa Fam\u00edlia (final do N\u00famero de Identifica\u00e7\u00e3o Social \u2013 NIS 4);\u2800<\/p>\n\n\n\n<p>\u2013&nbsp;<strong>23\/04<\/strong>&nbsp;(quinta): &nbsp;In\u00edcio dos pagamentos aos benefici\u00e1rios do Bolsa Fam\u00edlia (final do N\u00famero de Identifica\u00e7\u00e3o Social \u2013 NIS 5);\u2800<\/p>\n\n\n\n<p>\u2013&nbsp;<strong>24\/04<\/strong>&nbsp;(sexta): In\u00edcio dos pagamentos aos benefici\u00e1rios do Bolsa Fam\u00edlia (final do N\u00famero de Identifica\u00e7\u00e3o Social \u2013 NIS 6);\u2800<\/p>\n\n\n\n<p>\u2013&nbsp;<strong>27\/04<\/strong>&nbsp;(segunda): In\u00edcio dos pagamentos aos Benefici\u00e1rios do Bolsa Fam\u00edlia (final do N\u00famero de Identifica\u00e7\u00e3o Social \u2013 NIS 7);\u2800<\/p>\n\n\n\n<p>\u2013&nbsp;<strong>28\/04<\/strong>&nbsp;(ter\u00e7a): In\u00edcio dos pagamentos aos Benefici\u00e1rios do Bolsa Fam\u00edlia (final do N\u00famero de Identifica\u00e7\u00e3o Social \u2013 NIS 8);\u2800<\/p>\n\n\n\n<p>\u2013&nbsp;<strong>29\/04<\/strong>&nbsp;(quarta): In\u00edcio dos pagamentos aos Benefici\u00e1rios do Bolsa Fam\u00edlia (final do N\u00famero de Identifica\u00e7\u00e3o Social \u2013 NIS 9);\u2800<\/p>\n\n\n\n<p>\u2013&nbsp;<strong>30\/04<\/strong>&nbsp;(quinta): In\u00edcio dos pagamentos aos Benefici\u00e1rios do Bolsa Fam\u00edlia (final do N\u00famero de Identifica\u00e7\u00e3o Social \u2013 NIS 0).\u2800<\/p>\n\n\n\n<p>Ascom PMS<\/p>\n","protected":false},"excerpt":{"rendered":"<p>A Sala do Empreendedor de Sum\u00e9 est\u00e1 auxiliando a popula\u00e7\u00e3o na realiza\u00e7\u00e3o do cadastro para o benef\u00edcio do aux\u00edlio emergencial a ser pago pelo Governo&hellip; <\/p>\n","protected":false},"author":1,"featured_media":158915,"comment_status":"closed","ping_status":"closed","sticky":false,"template":"","format":"standard","meta":{"sfsi_plus_gutenberg_text_before_share":"","sfsi_plus_gutenberg_show_text_before_share":"","sfsi_plus_gutenberg_icon_type":"","sfsi_plus_gutenberg_icon_alignemt":"","sfsi_plus_gutenburg_max_per_row":"","footnotes":""},"categories":[6,50],"tags":[],"class_list":["post-162916","post","type-post","status-publish","format-standard","has-post-thumbnail","hentry","category-cidades","category-destaque"],"_links":{"self":[{"href":"https:\/\/www.caririemacao.com\/1\/wp-json\/wp\/v2\/posts\/162916","targetHints":{"allow":["GET"]}}],"collection":[{"href":"https:\/\/www.caririemacao.com\/1\/wp-json\/wp\/v2\/posts"}],"about":[{"href":"https:\/\/www.caririemacao.com\/1\/wp-json\/wp\/v2\/types\/post"}],"author":[{"embeddable":true,"href":"https:\/\/www.caririemacao.com\/1\/wp-json\/wp\/v2\/users\/1"}],"replies":[{"embeddable":true,"href":"https:\/\/www.caririemacao.com\/1\/wp-json\/wp\/v2\/comments?post=162916"}],"version-history":[{"count":1,"href":"https:\/\/www.caririemacao.com\/1\/wp-json\/wp\/v2\/posts\/162916\/revisions"}],"predecessor-version":[{"id":162917,"href":"https:\/\/www.caririemacao.com\/1\/wp-json\/wp\/v2\/posts\/162916\/revisions\/162917"}],"wp:featuredmedia":[{"embeddable":true,"href":"https:\/\/www.caririemacao.com\/1\/wp-json\/wp\/v2\/media\/158915"}],"wp:attachment":[{"href":"https:\/\/www.caririemacao.com\/1\/wp-json\/wp\/v2\/media?parent=162916"}],"wp:term":[{"taxonomy":"category","embeddable":true,"href":"https:\/\/www.caririemacao.com\/1\/wp-json\/wp\/v2\/categories?post=162916"},{"taxonomy":"post_tag","embeddable":true,"href":"https:\/\/www.caririemacao.com\/1\/wp-json\/wp\/v2\/tags?post=162916"}],"curies":[{"name":"wp","href":"https:\/\/api.w.org\/{rel}","templated":true}]}}