{"id":163062,"date":"2020-04-09T17:12:37","date_gmt":"2020-04-09T20:12:37","guid":{"rendered":"http:\/\/www.caririemacao.com\/1\/?p=163062"},"modified":"2020-04-09T17:12:39","modified_gmt":"2020-04-09T20:12:39","slug":"monteiro-prefeitura-avanca-dando-continuidade-ao-cronograma-de-recuperacao-de-estradas","status":"publish","type":"post","link":"https:\/\/www.caririemacao.com\/1\/2020\/04\/09\/monteiro-prefeitura-avanca-dando-continuidade-ao-cronograma-de-recuperacao-de-estradas\/","title":{"rendered":"Monteiro: Prefeitura  avan\u00e7a dando continuidade ao cronograma de recupera\u00e7\u00e3o de estradas"},"content":{"rendered":"\n<p>A Prefeitura de Monteiro, atrav\u00e9s da Secretaria de Agricultura, continua dando continuidade ao cronograma de recupera\u00e7\u00e3o das estradas danificadas pelas chuvas no munic\u00edpio.<\/p>\n\n\n\n<p>Nesta semana, a equipe da Secretaria de Agricultura, j\u00e1 esteve realizando a recupera\u00e7\u00e3o das estradas nos S\u00edtios Santana e Alagoa Grande e no Distrito de Pernambuquinho. Tamb\u00e9m foram realizados reparos no trecho entre os s\u00edtios Racharia, Lagoa da Pedra, chegando em Queimadas, pr\u00f3ximo ao Clube da Divisa.<\/p>\n\n\n\n<p>De acordo com a Prefeita Anna Lorena, a gest\u00e3o municipal est\u00e1 empenhada em atender aos pedidos da popula\u00e7\u00e3o, com a\u00e7\u00f5es em todos os recantos do munic\u00edpio, o que mostra o compromisso com Monteiro, principalmente com os agricultores e agricultoras.<\/p>\n\n\n\n<p>Do(a)\u00a0Secom &#8211; PMM<\/p>\n\n\n\n<p><\/p>\n","protected":false},"excerpt":{"rendered":"<p>A Prefeitura de Monteiro, atrav\u00e9s da Secretaria de Agricultura, continua dando continuidade ao cronograma de recupera\u00e7\u00e3o das estradas danificadas pelas chuvas no munic\u00edpio. Nesta semana,&hellip; <\/p>\n","protected":false},"author":1,"featured_media":163063,"comment_status":"closed","ping_status":"closed","sticky":false,"template":"","format":"standard","meta":{"sfsi_plus_gutenberg_text_before_share":"","sfsi_plus_gutenberg_show_text_before_share":"","sfsi_plus_gutenberg_icon_type":"","sfsi_plus_gutenberg_icon_alignemt":"","sfsi_plus_gutenburg_max_per_row":"","footnotes":""},"categories":[6,50],"tags":[],"class_list":["post-163062","post","type-post","status-publish","format-standard","has-post-thumbnail","hentry","category-cidades","category-destaque"],"_links":{"self":[{"href":"https:\/\/www.caririemacao.com\/1\/wp-json\/wp\/v2\/posts\/163062","targetHints":{"allow":["GET"]}}],"collection":[{"href":"https:\/\/www.caririemacao.com\/1\/wp-json\/wp\/v2\/posts"}],"about":[{"href":"https:\/\/www.caririemacao.com\/1\/wp-json\/wp\/v2\/types\/post"}],"author":[{"embeddable":true,"href":"https:\/\/www.caririemacao.com\/1\/wp-json\/wp\/v2\/users\/1"}],"replies":[{"embeddable":true,"href":"https:\/\/www.caririemacao.com\/1\/wp-json\/wp\/v2\/comments?post=163062"}],"version-history":[{"count":1,"href":"https:\/\/www.caririemacao.com\/1\/wp-json\/wp\/v2\/posts\/163062\/revisions"}],"predecessor-version":[{"id":163064,"href":"https:\/\/www.caririemacao.com\/1\/wp-json\/wp\/v2\/posts\/163062\/revisions\/163064"}],"wp:featuredmedia":[{"embeddable":true,"href":"https:\/\/www.caririemacao.com\/1\/wp-json\/wp\/v2\/media\/163063"}],"wp:attachment":[{"href":"https:\/\/www.caririemacao.com\/1\/wp-json\/wp\/v2\/media?parent=163062"}],"wp:term":[{"taxonomy":"category","embeddable":true,"href":"https:\/\/www.caririemacao.com\/1\/wp-json\/wp\/v2\/categories?post=163062"},{"taxonomy":"post_tag","embeddable":true,"href":"https:\/\/www.caririemacao.com\/1\/wp-json\/wp\/v2\/tags?post=163062"}],"curies":[{"name":"wp","href":"https:\/\/api.w.org\/{rel}","templated":true}]}}